{"id":2973,"date":"2016-08-11T05:54:01","date_gmt":"2016-08-11T05:54:01","guid":{"rendered":"https:\/\/codexflores.ch\/index.php\/2016\/08\/11\/kasarova-sagt-wegen-ueberfalls-auftritt-ab\/"},"modified":"2016-08-11T05:54:01","modified_gmt":"2016-08-11T05:54:01","slug":"kasarova-sagt-wegen-ueberfalls-auftritt-ab","status":"publish","type":"post","link":"https:\/\/codexflores.ch\/index.php\/2016\/08\/11\/kasarova-sagt-wegen-ueberfalls-auftritt-ab\/","title":{"rendered":"Kasarova sagt wegen \u00dcberfalls Auftritt ab"},"content":{"rendered":"<p><span style=\"font-size: small; font-family: arial,helvetica,sans-serif;\">11.08.2016 &#8212; Vesselina Kasarova hat in Innsbruck kurzfristig ihren Auftritt in der Produktion \u00abIl matrimonio segreto\u00bb abgesagt und ist in die Schweiz zur\u00fcckgekehrt. Der Grund: Unbekannte haben laut einer Mitteilung der Innsbrucker Festwochen der Alten Musik versucht, ihre Handtasche zu entwenden. Dabei ist sie verletzt worden.<\/span><\/p>\n<p><span style=\"font-size: small; font-family: arial,helvetica,sans-serif;\"><strong>11.08.2016 &#8212; Vesselina Kasarova hat in Innsbruck kurzfristig ihren Auftritt in der Produktion \u00abIl matrimonio segreto\u00bb abgesagt und ist in die Schweiz zur\u00fcckgekehrt. Der Grund: Unbekannte haben laut einer Mitteilung der Innsbrucker Festwochen der Alten Musik versucht, ihre Handtasche zu entwenden. Dabei ist sie verletzt worden.<\/strong><\/span><\/p>\n<p><span style=\"font-size: small; font-family: arial,helvetica,sans-serif;\">\u00a0<\/span><\/p>\n<p><span style=\"font-size: small; font-family: arial,helvetica,sans-serif;\">Vesselina Kasarova sei inzwischen wieder zuhause und auf dem Weg der Besserung. In einem eigenen Statement erkl\u00e4rt die Mezzosopranistin, sie bedaure ihren Ausfall sehr, m\u00f6chte aber \u00fcber den Verletzungshergang keine weiteren Ausk\u00fcnfte geben.<\/span><\/p>\n<p>\u00a0<\/p>\n<p><span style=\"font-size: small; font-family: arial,helvetica,sans-serif;\">Die Oper \u00abIl matrimonio segreto\u00bb wird am 12., 14. und 16. August im Rahmen der 40. Innsbrucker Festwochen der Alten Musik im Tiroler Landestheater aufgef\u00fchrt. Anstelle von Vesselina Kasarova wird in der Festwochen-Oper Loriana Castellano die Rolle der Fidalma \u00fcbernehmen. <em>(cf)<\/em><\/span><\/p>\n<p><span style=\"font-size: small; font-family: arial,helvetica,sans-serif;\">\u00a0<\/span><\/p>\n","protected":false},"excerpt":{"rendered":"<p><span style=\"font-size: small; font-family: arial,helvetica,sans-serif;\">11.08.2016 &#8212; Vesselina Kasarova hat in Innsbruck kurzfristig ihren Auftritt in der Produktion \u00abIl matrimonio segreto\u00bb abgesagt und ist in die Schweiz zur\u00fcckgekehrt. Der Grund: Unbekannte haben laut einer Mitteilung der Innsbrucker Festwochen der Alten Musik versucht, ihre Handtasche zu entwenden. Dabei ist sie verletzt worden.<\/span><\/p>\n","protected":false},"author":1,"featured_media":0,"comment_status":"open","ping_status":"open","sticky":false,"template":"","format":"standard","meta":{"footnotes":""},"categories":[2],"tags":[],"class_list":["post-2973","post","type-post","status-publish","format-standard","hentry","category-nachrichten","entry"],"_links":{"self":[{"href":"https:\/\/codexflores.ch\/index.php\/wp-json\/wp\/v2\/posts\/2973","targetHints":{"allow":["GET"]}}],"collection":[{"href":"https:\/\/codexflores.ch\/index.php\/wp-json\/wp\/v2\/posts"}],"about":[{"href":"https:\/\/codexflores.ch\/index.php\/wp-json\/wp\/v2\/types\/post"}],"author":[{"embeddable":true,"href":"https:\/\/codexflores.ch\/index.php\/wp-json\/wp\/v2\/users\/1"}],"replies":[{"embeddable":true,"href":"https:\/\/codexflores.ch\/index.php\/wp-json\/wp\/v2\/comments?post=2973"}],"version-history":[{"count":0,"href":"https:\/\/codexflores.ch\/index.php\/wp-json\/wp\/v2\/posts\/2973\/revisions"}],"wp:attachment":[{"href":"https:\/\/codexflores.ch\/index.php\/wp-json\/wp\/v2\/media?parent=2973"}],"wp:term":[{"taxonomy":"category","embeddable":true,"href":"https:\/\/codexflores.ch\/index.php\/wp-json\/wp\/v2\/categories?post=2973"},{"taxonomy":"post_tag","embeddable":true,"href":"https:\/\/codexflores.ch\/index.php\/wp-json\/wp\/v2\/tags?post=2973"}],"curies":[{"name":"wp","href":"https:\/\/api.w.org\/{rel}","templated":true}]}}