{"id":2975,"date":"2016-08-12T06:02:38","date_gmt":"2016-08-12T06:02:38","guid":{"rendered":"https:\/\/codexflores.ch\/index.php\/2016\/08\/12\/foerderrezitale-der-orpheum-stiftung\/"},"modified":"2016-08-12T06:02:38","modified_gmt":"2016-08-12T06:02:38","slug":"foerderrezitale-der-orpheum-stiftung","status":"publish","type":"post","link":"https:\/\/codexflores.ch\/index.php\/2016\/08\/12\/foerderrezitale-der-orpheum-stiftung\/","title":{"rendered":"F\u00f6rderrezitale der Orpheum Stiftung"},"content":{"rendered":"<p><span style=\"font-family: arial,helvetica,sans-serif; font-size: small;\">12.08.2016 &#8212; Am 9. September 2016 startet die Orpheum Stiftung im Kleinen Saal der Tonhalle Z\u00fcrich eine neue Reihe (\u00abF\u00f6rderrezital\u00bb); die erste Ausgabe bestreitet der t\u00fcrkische Pianist Fazil Say \u2013 unter anderem gemeinsam mit der Preistr\u00e4gerin des Enescu Wettbewerbs in Bukarest.<\/span><\/p>\n<p><span style=\"font-family: arial,helvetica,sans-serif; font-size: small;\"><strong>12.08.2016 &#8212; Am 9. September 2016 startet die Orpheum Stiftung im Kleinen Saal der Tonhalle Z\u00fcrich eine neue Reihe (\u00abF\u00f6rderrezital\u00bb); die erste Ausgabe bestreitet der t\u00fcrkische Pianist Fazil Say \u2013 unter anderem gemeinsam mit der Preistr\u00e4gerin des Enescu Wettbewerbs in Bukarest.<\/strong><\/span><\/p>\n<p><span style=\"font-family: arial,helvetica,sans-serif; font-size: small;\">\u00a0<\/span><\/p>\n<p><span style=\"font-family: arial,helvetica,sans-serif; font-size: small;\">Say wird mit der t\u00fcrkischen Geigerin und Enescu-Preistr\u00e4gerin Berfin Aksu sowie mit Laura van der Heijden musizieren, die j\u00fcngst ihr Deb\u00fct beim Melbourne Symphony Orchestra gab.<\/span><\/p>\n<p><span style=\"font-family: arial,helvetica,sans-serif; font-size: small;\">\u00a0<\/span><\/p>\n<p><span style=\"font-family: arial,helvetica,sans-serif; font-size: small;\">\u00dcberdies geht die Orpheum CD-Reihe in die n\u00e4chste Runde. Das Cellokonzert in e-moll von Franz Danzi wird gespielt von Aur\u00e9lien Pascal, der im vergangenen Jahr seinen Orpheum Konzert Einstand unter Leitung von Vladimir Fedoseyes hatte. <\/span><\/p>\n<p><span style=\"font-family: arial,helvetica,sans-serif; font-size: small;\">\u00a0<\/span><\/p>\n<p><span style=\"font-family: arial,helvetica,sans-serif; font-size: small;\">Zweite Solistin auf dieser in Koproduktion mit dem Bayerischen Rundfunk entstandenen CD, die Anfang 2017 auf den Markt kommt, ist Nareh Arghamanyan, die Danzis Klavierkonzert in Es-Dur interpretiert. Die armenische Pianistin trat bereits 2012 bei einem Orpheum Konzert unter Sir Neville Marriner auf. <em>(cf)<\/em><\/span><\/p>\n","protected":false},"excerpt":{"rendered":"<p><span style=\"font-family: arial,helvetica,sans-serif; font-size: small;\">12.08.2016 &#8212; Am 9. September 2016 startet die Orpheum Stiftung im Kleinen Saal der Tonhalle Z\u00fcrich eine neue Reihe (\u00abF\u00f6rderrezital\u00bb); die erste Ausgabe bestreitet der t\u00fcrkische Pianist Fazil Say \u2013 unter anderem gemeinsam mit der Preistr\u00e4gerin des Enescu Wettbewerbs in Bukarest.<\/span><\/p>\n","protected":false},"author":1,"featured_media":0,"comment_status":"open","ping_status":"open","sticky":false,"template":"","format":"standard","meta":{"footnotes":""},"categories":[2],"tags":[],"class_list":["post-2975","post","type-post","status-publish","format-standard","hentry","category-nachrichten","entry"],"_links":{"self":[{"href":"https:\/\/codexflores.ch\/index.php\/wp-json\/wp\/v2\/posts\/2975","targetHints":{"allow":["GET"]}}],"collection":[{"href":"https:\/\/codexflores.ch\/index.php\/wp-json\/wp\/v2\/posts"}],"about":[{"href":"https:\/\/codexflores.ch\/index.php\/wp-json\/wp\/v2\/types\/post"}],"author":[{"embeddable":true,"href":"https:\/\/codexflores.ch\/index.php\/wp-json\/wp\/v2\/users\/1"}],"replies":[{"embeddable":true,"href":"https:\/\/codexflores.ch\/index.php\/wp-json\/wp\/v2\/comments?post=2975"}],"version-history":[{"count":0,"href":"https:\/\/codexflores.ch\/index.php\/wp-json\/wp\/v2\/posts\/2975\/revisions"}],"wp:attachment":[{"href":"https:\/\/codexflores.ch\/index.php\/wp-json\/wp\/v2\/media?parent=2975"}],"wp:term":[{"taxonomy":"category","embeddable":true,"href":"https:\/\/codexflores.ch\/index.php\/wp-json\/wp\/v2\/categories?post=2975"},{"taxonomy":"post_tag","embeddable":true,"href":"https:\/\/codexflores.ch\/index.php\/wp-json\/wp\/v2\/tags?post=2975"}],"curies":[{"name":"wp","href":"https:\/\/api.w.org\/{rel}","templated":true}]}}