{"id":2976,"date":"2016-08-16T06:13:57","date_gmt":"2016-08-16T06:13:57","guid":{"rendered":"https:\/\/codexflores.ch\/index.php\/2016\/08\/16\/kranichsteiner-musikpreis-fuer-oram-und-olencki\/"},"modified":"2016-08-16T06:13:57","modified_gmt":"2016-08-16T06:13:57","slug":"kranichsteiner-musikpreis-fuer-oram-und-olencki","status":"publish","type":"post","link":"https:\/\/codexflores.ch\/index.php\/2016\/08\/16\/kranichsteiner-musikpreis-fuer-oram-und-olencki\/","title":{"rendered":"Kranichsteiner Musikpreis f\u00fcr Oram und Olencki"},"content":{"rendered":"<p><span style=\"font-family: arial,helvetica,sans-serif; font-size: small;\">16.08.2016 &#8212; Die 26-j\u00e4hrige Komponistin Celeste Oram und der 23-j\u00e4hrige Posaunist Weston Olencki erhalten den eng mit den Darmst\u00e4dter Ferienkursen verbundenen Kranichsteiner Musikpreis 2016.<\/span><\/p>\n<p><span style=\"font-family: arial,helvetica,sans-serif; font-size: small;\"><strong>16.08.2016 &#8212; Die 26-j\u00e4hrige Komponistin Celeste Oram und der 23-j\u00e4hrige Posaunist Weston Olencki erhalten den eng mit den Darmst\u00e4dter Ferienkursen verbundenen Kranichsteiner Musikpreis 2016.<\/strong><\/span><\/p>\n<p><span style=\"font-family: arial,helvetica,sans-serif; font-size: small;\">\u00a0<\/span><\/p>\n<p><span style=\"font-family: arial,helvetica,sans-serif; font-size: small;\">Die neuseel\u00e4ndische Komponistin Celeste Oram war dieses Jahr Teilnehmerin der Kompositionsklassen von Chaya Czernowin und Simon Steen-Andersen. Sie \u00fcberzeugte die Jury mit Formaten wie einem Live-H\u00f6rspiel und einer\u00a0 Performance. Der Posaunist und Performer Weston Olencki lebt in New York City und ist Stipendiat der diesj\u00e4hrigen Ferienkurse. <\/span><\/p>\n<p>\u00a0<\/p>\n<p><span style=\"font-family: arial,helvetica,sans-serif; font-size: small;\">Die Jury, bestehend aus der Komponistin Joanna Bailie, der Akkordeonistin Eva Z\u00f6llner und dem Kurator Thorbj\u00f8rn T\u00f8nder Hansen, vergab ausserdem sechs Stipendien f\u00fcr die Teilnahme an den Darmst\u00e4dter Ferienkursen 2018, und zwar an das Quartetto Maurice (Streichquartett\/Italien), Ine Vanoeveren (Fl\u00f6te\/Belgien), Nina Guo (Stimme\/USA), Bethany Younge vom Ensemble Mocrep (Komposition\/USA), Reiko Yamada (Komposition\/Japan) und Miko\u0142aj Laskowski (Komposition\/Polen).\u00a0<\/span><\/p>\n<p><span style=\"font-family: arial,helvetica,sans-serif; font-size: small;\">\u00a0<\/span><\/p>\n<p><span style=\"font-family: arial,helvetica,sans-serif; font-size: small;\">Der Kranichsteiner Musikpreis ist seit seiner Gr\u00fcndung im Jahr 1952 mit den Darmst\u00e4dter Ferienkursen verbunden. Er wurde bislang 35 Mal vergeben, bis 2014 wurden insgesamt 177 Preistr\u00e4ger ausgezeichnet, darunter 52 Komponisten. F\u00fcr viele von ihnen bedeutete die renommierte Auszeichnung einen wichtigen Schritt am Anfang ihrer Karriere als Musiker, Ensemble oder Komponist. <em>(cf)<\/em><\/span><\/p>\n","protected":false},"excerpt":{"rendered":"<p><span style=\"font-family: arial,helvetica,sans-serif; font-size: small;\">16.08.2016 &#8212; Die 26-j\u00e4hrige Komponistin Celeste Oram und der 23-j\u00e4hrige Posaunist Weston Olencki erhalten den eng mit den Darmst\u00e4dter Ferienkursen verbundenen Kranichsteiner Musikpreis 2016.<\/span><\/p>\n","protected":false},"author":1,"featured_media":0,"comment_status":"open","ping_status":"open","sticky":false,"template":"","format":"standard","meta":{"footnotes":""},"categories":[2],"tags":[],"class_list":["post-2976","post","type-post","status-publish","format-standard","hentry","category-nachrichten","entry"],"_links":{"self":[{"href":"https:\/\/codexflores.ch\/index.php\/wp-json\/wp\/v2\/posts\/2976","targetHints":{"allow":["GET"]}}],"collection":[{"href":"https:\/\/codexflores.ch\/index.php\/wp-json\/wp\/v2\/posts"}],"about":[{"href":"https:\/\/codexflores.ch\/index.php\/wp-json\/wp\/v2\/types\/post"}],"author":[{"embeddable":true,"href":"https:\/\/codexflores.ch\/index.php\/wp-json\/wp\/v2\/users\/1"}],"replies":[{"embeddable":true,"href":"https:\/\/codexflores.ch\/index.php\/wp-json\/wp\/v2\/comments?post=2976"}],"version-history":[{"count":0,"href":"https:\/\/codexflores.ch\/index.php\/wp-json\/wp\/v2\/posts\/2976\/revisions"}],"wp:attachment":[{"href":"https:\/\/codexflores.ch\/index.php\/wp-json\/wp\/v2\/media?parent=2976"}],"wp:term":[{"taxonomy":"category","embeddable":true,"href":"https:\/\/codexflores.ch\/index.php\/wp-json\/wp\/v2\/categories?post=2976"},{"taxonomy":"post_tag","embeddable":true,"href":"https:\/\/codexflores.ch\/index.php\/wp-json\/wp\/v2\/tags?post=2976"}],"curies":[{"name":"wp","href":"https:\/\/api.w.org\/{rel}","templated":true}]}}