{"id":2977,"date":"2016-08-17T06:16:32","date_gmt":"2016-08-17T06:16:32","guid":{"rendered":"https:\/\/codexflores.ch\/index.php\/2016\/08\/17\/deutsche-kuenstlersozialabgabe-sinkt-definitiv\/"},"modified":"2016-08-17T06:16:32","modified_gmt":"2016-08-17T06:16:32","slug":"deutsche-kuenstlersozialabgabe-sinkt-definitiv","status":"publish","type":"post","link":"https:\/\/codexflores.ch\/index.php\/2016\/08\/17\/deutsche-kuenstlersozialabgabe-sinkt-definitiv\/","title":{"rendered":"Deutsche K\u00fcnstlersozialabgabe sinkt definitiv"},"content":{"rendered":"<p><span style=\"font-family: arial,helvetica,sans-serif; font-size: small;\">17.08.2016 &#8212; Die deutsche Bundesarbeitsministerin Andrea Nahles hatte im Juni eine Absenkung der K\u00fcnstlersozialabgabe angek\u00fcndigt. Sie ist nun im Bundesgesetzblatt ver\u00f6ffentlicht. Der Deutsche Kulturrat ist erfreut.<\/span><\/p>\n<p><span style=\"font-family: arial,helvetica,sans-serif; font-size: small;\"><strong>17.08.2016 &#8212; Die deutsche Bundesarbeitsministerin Andrea Nahles hatte im Juni eine Absenkung der K\u00fcnstlersozialabgabe angek\u00fcndigt. Sie ist nun im Bundesgesetzblatt ver\u00f6ffentlicht. Der Deutsche Kulturrat ist erfreut.<\/strong><\/span><\/p>\n<p>\u00a0<\/p>\n<p><span style=\"font-family: arial,helvetica,sans-serif; font-size: small;\">Laut Olaf Zimmermann, dem Gesch\u00e4ftsf\u00fchrer des Deutschen Kulturrates, sinkt die Abgabe im kommenden Jahr von 5,2 Prozent auf 4,8 Prozent. Damit werde\u00a0 sp\u00fcrbar, dass eine bessere \u00dcberpr\u00fcfung der Unternehmen zu deutlichen Entlastungen f\u00fchre.<\/span><\/p>\n<p>\u00a0<\/p>\n<p><span style=\"font-family: arial,helvetica,sans-serif; font-size: small;\">Ein letztes Jahr eingef\u00fchrtes Gesetz zur Stabilisierung des K\u00fcnstlersozialabgabesatzes funktioniert offenbar. Es zielt darauf ab, dass alle, die freiberufliche Auftr\u00e4ge an K\u00fcnstler und Publizisten vergeben, der Abgabepflicht nachkommen. Sie werden deshalb bei den \u00fcblichen Sozialversicherungspr\u00fcfungen auch mit Blick auf die K\u00fcnstlersozialabgabe gepr\u00fcft.<\/span><\/p>\n<p>\u00a0<\/p>\n<p><span style=\"font-family: arial,helvetica,sans-serif; font-size: small;\">Die Abgabe wird in Deutschland f\u00e4llig, wenn Unternehmen, aber auch Vereine oder die \u00f6ffentliche Hand Honorare f\u00fcr freiberufliche k\u00fcnstlerische T\u00e4tigkeiten zahlen. Damit werden 30 Prozent der Sozialversicherungsbeitr\u00e4ge zur Kranken-, Renten- und Pflegeversicherung von freiberuflichen K\u00fcnstlern gedeckt. F\u00fcr 20 Prozent des Beitrags kommt der Bund auf. Die in der K\u00fcnstlersozialversicherung versicherten K\u00fcnstlerinnen und K\u00fcnstler zahlen \u00e4hnlich angestellten Arbeitnehmerinnen und Arbeitnehmern 50 Prozent des Beitrags.<em> (cf)<\/em><\/span><\/p>\n<p>\u00a0<\/p>\n","protected":false},"excerpt":{"rendered":"<p><span style=\"font-family: arial,helvetica,sans-serif; font-size: small;\">17.08.2016 &#8212; Die deutsche Bundesarbeitsministerin Andrea Nahles hatte im Juni eine Absenkung der K\u00fcnstlersozialabgabe angek\u00fcndigt. Sie ist nun im Bundesgesetzblatt ver\u00f6ffentlicht. Der Deutsche Kulturrat ist erfreut.<\/span><\/p>\n","protected":false},"author":1,"featured_media":0,"comment_status":"open","ping_status":"open","sticky":false,"template":"","format":"standard","meta":{"footnotes":""},"categories":[2],"tags":[],"class_list":["post-2977","post","type-post","status-publish","format-standard","hentry","category-nachrichten","entry"],"_links":{"self":[{"href":"https:\/\/codexflores.ch\/index.php\/wp-json\/wp\/v2\/posts\/2977","targetHints":{"allow":["GET"]}}],"collection":[{"href":"https:\/\/codexflores.ch\/index.php\/wp-json\/wp\/v2\/posts"}],"about":[{"href":"https:\/\/codexflores.ch\/index.php\/wp-json\/wp\/v2\/types\/post"}],"author":[{"embeddable":true,"href":"https:\/\/codexflores.ch\/index.php\/wp-json\/wp\/v2\/users\/1"}],"replies":[{"embeddable":true,"href":"https:\/\/codexflores.ch\/index.php\/wp-json\/wp\/v2\/comments?post=2977"}],"version-history":[{"count":0,"href":"https:\/\/codexflores.ch\/index.php\/wp-json\/wp\/v2\/posts\/2977\/revisions"}],"wp:attachment":[{"href":"https:\/\/codexflores.ch\/index.php\/wp-json\/wp\/v2\/media?parent=2977"}],"wp:term":[{"taxonomy":"category","embeddable":true,"href":"https:\/\/codexflores.ch\/index.php\/wp-json\/wp\/v2\/categories?post=2977"},{"taxonomy":"post_tag","embeddable":true,"href":"https:\/\/codexflores.ch\/index.php\/wp-json\/wp\/v2\/tags?post=2977"}],"curies":[{"name":"wp","href":"https:\/\/api.w.org\/{rel}","templated":true}]}}