{"id":2978,"date":"2016-08-17T08:55:52","date_gmt":"2016-08-17T08:55:52","guid":{"rendered":"https:\/\/codexflores.ch\/index.php\/2016\/08\/17\/bringuier-verlaesst-zuerich-ende-saison-17-18\/"},"modified":"2016-08-17T08:55:52","modified_gmt":"2016-08-17T08:55:52","slug":"bringuier-verlaesst-zuerich-ende-saison-17-18","status":"publish","type":"post","link":"https:\/\/codexflores.ch\/index.php\/2016\/08\/17\/bringuier-verlaesst-zuerich-ende-saison-17-18\/","title":{"rendered":"Bringuier verl\u00e4sst Z\u00fcrich Ende Saison 17\/18"},"content":{"rendered":"<p><span style=\"font-family: arial,helvetica,sans-serif; font-size: small;\">17.08.2016 &#8212; Lionel Bringuier, der Chefdirigent und Musikalische Leiter des Z\u00fcrcher Tonhalle-Orchesters, und die Tonhalle-Gesellschaft Z\u00fcrich haben \u00abgemeinsam entschieden, den Vertrag, der noch bis Ende Saison 2017\/18 dauert, auslaufen zu lassen\u00bb.<\/span><\/p>\n<p><span style=\"font-family: arial,helvetica,sans-serif; font-size: small;\"><strong>17.08.2016 &#8212; Lionel Bringuier, der Chefdirigent und Musikalische Leiter des Z\u00fcrcher Tonhalle-Orchesters, und die Tonhalle-Gesellschaft Z\u00fcrich haben \u00abgemeinsam entschieden, den Vertrag, der noch bis Ende Saison 2017\/18 dauert, auslaufen zu lassen\u00bb.<\/strong><\/span><\/p>\n<p><span style=\"font-family: arial,helvetica,sans-serif; font-size: small;\">\u00a0<\/span><\/p>\n<p><span style=\"font-family: arial,helvetica,sans-serif; font-size: small;\">Laut der offiziellen Mitteilung der Tonhalle-Gesellschaft Z\u00fcrich \u00abfreuen sich der Vorstand und die Gesch\u00e4ftsleitung \u00fcber die weitere Zusammenarbeit mit Lionel Bringuier in den kommenden zwei Jahren und \u00fcber die gemeinsamen Herausforderungen und Chancen am neuen Spielort in Z\u00fcrich West ab 2017\/18\u00bb.<\/span><\/p>\n<p>\u00a0<\/p>\n<p><span style=\"font-family: arial,helvetica,sans-serif; font-size: small;\">Lionel Bringuier hat das Amt in Z\u00fcrich 2014 von David Zinman \u00fcbernommen. Bisherige gemeinsame H\u00f6hepunkte seien unter anderem die Urauff\u00fchrung des Orchesterwerks \u00abKarawane\u00bb von Esa-Pekka Salonen zum Saisonstart 2014\/15 gewesen, die Einspielung s\u00e4mtlicher Orchesterwerke Maurice Ravels bei der Deutschen Grammphon sowie die beiden erfolgreichen Europa-Tourneen mit Wiedereinladungen, schreibt die Tonhalle-Gesellschaft. <em>(cf)\u00a0<\/em> <\/span><\/p>\n<p><span style=\"font-family: arial,helvetica,sans-serif; font-size: small;\">\u00a0<\/span><\/p>\n","protected":false},"excerpt":{"rendered":"<p><span style=\"font-family: arial,helvetica,sans-serif; font-size: small;\">17.08.2016 &#8212; Lionel Bringuier, der Chefdirigent und Musikalische Leiter des Z\u00fcrcher Tonhalle-Orchesters, und die Tonhalle-Gesellschaft Z\u00fcrich haben \u00abgemeinsam entschieden, den Vertrag, der noch bis Ende Saison 2017\/18 dauert, auslaufen zu lassen\u00bb.<\/span><\/p>\n","protected":false},"author":1,"featured_media":0,"comment_status":"open","ping_status":"open","sticky":false,"template":"","format":"standard","meta":{"footnotes":""},"categories":[2],"tags":[],"class_list":["post-2978","post","type-post","status-publish","format-standard","hentry","category-nachrichten","entry"],"_links":{"self":[{"href":"https:\/\/codexflores.ch\/index.php\/wp-json\/wp\/v2\/posts\/2978","targetHints":{"allow":["GET"]}}],"collection":[{"href":"https:\/\/codexflores.ch\/index.php\/wp-json\/wp\/v2\/posts"}],"about":[{"href":"https:\/\/codexflores.ch\/index.php\/wp-json\/wp\/v2\/types\/post"}],"author":[{"embeddable":true,"href":"https:\/\/codexflores.ch\/index.php\/wp-json\/wp\/v2\/users\/1"}],"replies":[{"embeddable":true,"href":"https:\/\/codexflores.ch\/index.php\/wp-json\/wp\/v2\/comments?post=2978"}],"version-history":[{"count":0,"href":"https:\/\/codexflores.ch\/index.php\/wp-json\/wp\/v2\/posts\/2978\/revisions"}],"wp:attachment":[{"href":"https:\/\/codexflores.ch\/index.php\/wp-json\/wp\/v2\/media?parent=2978"}],"wp:term":[{"taxonomy":"category","embeddable":true,"href":"https:\/\/codexflores.ch\/index.php\/wp-json\/wp\/v2\/categories?post=2978"},{"taxonomy":"post_tag","embeddable":true,"href":"https:\/\/codexflores.ch\/index.php\/wp-json\/wp\/v2\/tags?post=2978"}],"curies":[{"name":"wp","href":"https:\/\/api.w.org\/{rel}","templated":true}]}}