{"id":2982,"date":"2016-08-22T06:02:59","date_gmt":"2016-08-22T06:02:59","guid":{"rendered":"https:\/\/codexflores.ch\/index.php\/2016\/08\/22\/bilanz-der-2-appenzeller-bachtage\/"},"modified":"2016-08-22T06:02:59","modified_gmt":"2016-08-22T06:02:59","slug":"bilanz-der-2-appenzeller-bachtage","status":"publish","type":"post","link":"https:\/\/codexflores.ch\/index.php\/2016\/08\/22\/bilanz-der-2-appenzeller-bachtage\/","title":{"rendered":"Bilanz der 2. Appenzeller Bachtage"},"content":{"rendered":"<p><span style=\"font-family: arial,helvetica,sans-serif; font-size: small;\">22.08.2016 &#8212; Die 2. Appenzeller Bachtage haben w\u00e4hrend f\u00fcnf Tagen rund 4000 Besucher ins Appenzellerland und nach <\/span><span style=\"font-family: arial,helvetica,sans-serif; font-size: small;\">St. Gallen gebracht. Der Tanzp\u00e4dagoge Royston Maldoom (\u00abRhythm is it\u00bb) choreographierte mit Sch\u00fclerinnen eine Tanzperformance.<\/span><\/p>\n<p><span style=\"font-family: arial,helvetica,sans-serif; font-size: small;\"><strong>22.08.2016 &#8212; Die 2. Appenzeller Bachtage haben w\u00e4hrend f\u00fcnf Tagen rund 4000 Besucher ins Appenzellerland und nach <\/strong><strong>St. Gallen gebracht. Der Tanzp\u00e4dagoge Royston Maldoom (\u00abRhythm is it\u00bb) choreographierte eine Tanzperformance.<\/strong><\/span><\/p>\n<p>\u00a0<\/p>\n<p><span style=\"font-family: arial,helvetica,sans-serif; font-size: small;\">An den Appenzeller Bachtagen konzertierten insgesamt \u00fcber 200 K\u00fcnstlerinnen und K\u00fcnstler mit Bachs Kompositionen. Darunter die Pianistin Edna Stern, der Organist Johannes Lang oder die Basler Madrigalisten. Heuer kreisten Konzerte, Vortr\u00e4ge und andere Darbietungen um das Ph\u00e4nomen des Chorals, ein zentrales Element in Bachs Vokalwerk. <\/span><\/p>\n<p>\u00a0<\/p>\n<p><span style=\"font-family: arial,helvetica,sans-serif; font-size: small;\">Der Ursprung des f\u00fcnft\u00e4gigen Festivals liegt im grossen Schweizer Bachprojekt der vom Bankier und Publizisten Konrad Hummler pr\u00e4sidierten J.S. Bach-Stiftung. Seit 2006 f\u00fchrt die in St. Gallen ans\u00e4ssige Stiftung Bachs gesamtes Vokalwerk im appenzellausserrhodischen Trogen auf. Die n\u00e4chsten Appenzeller Bachtage werden 2018 stattfinden. <em>(cf)<\/em><\/span><\/p>\n<p>\u00a0<\/p>\n<p>\u00a0<\/p>\n<p>\u00a0<\/p>\n","protected":false},"excerpt":{"rendered":"<p><span style=\"font-family: arial,helvetica,sans-serif; font-size: small;\">22.08.2016 &#8212; Die 2. Appenzeller Bachtage haben w\u00e4hrend f\u00fcnf Tagen rund 4000 Besucher ins Appenzellerland und nach <\/span><span style=\"font-family: arial,helvetica,sans-serif; font-size: small;\">St. Gallen gebracht. Der Tanzp\u00e4dagoge Royston Maldoom (\u00abRhythm is it\u00bb) choreographierte mit Sch\u00fclerinnen eine Tanzperformance.<\/span><\/p>\n","protected":false},"author":1,"featured_media":0,"comment_status":"open","ping_status":"open","sticky":false,"template":"","format":"standard","meta":{"footnotes":""},"categories":[2],"tags":[],"class_list":["post-2982","post","type-post","status-publish","format-standard","hentry","category-nachrichten","entry"],"_links":{"self":[{"href":"https:\/\/codexflores.ch\/index.php\/wp-json\/wp\/v2\/posts\/2982","targetHints":{"allow":["GET"]}}],"collection":[{"href":"https:\/\/codexflores.ch\/index.php\/wp-json\/wp\/v2\/posts"}],"about":[{"href":"https:\/\/codexflores.ch\/index.php\/wp-json\/wp\/v2\/types\/post"}],"author":[{"embeddable":true,"href":"https:\/\/codexflores.ch\/index.php\/wp-json\/wp\/v2\/users\/1"}],"replies":[{"embeddable":true,"href":"https:\/\/codexflores.ch\/index.php\/wp-json\/wp\/v2\/comments?post=2982"}],"version-history":[{"count":0,"href":"https:\/\/codexflores.ch\/index.php\/wp-json\/wp\/v2\/posts\/2982\/revisions"}],"wp:attachment":[{"href":"https:\/\/codexflores.ch\/index.php\/wp-json\/wp\/v2\/media?parent=2982"}],"wp:term":[{"taxonomy":"category","embeddable":true,"href":"https:\/\/codexflores.ch\/index.php\/wp-json\/wp\/v2\/categories?post=2982"},{"taxonomy":"post_tag","embeddable":true,"href":"https:\/\/codexflores.ch\/index.php\/wp-json\/wp\/v2\/tags?post=2982"}],"curies":[{"name":"wp","href":"https:\/\/api.w.org\/{rel}","templated":true}]}}