{"id":2991,"date":"2016-08-29T06:10:51","date_gmt":"2016-08-29T06:10:51","guid":{"rendered":"https:\/\/codexflores.ch\/index.php\/2016\/08\/29\/bilanz-der-innsbrucker-festwochen-der-alten-musik-2016\/"},"modified":"2016-08-29T06:10:51","modified_gmt":"2016-08-29T06:10:51","slug":"bilanz-der-innsbrucker-festwochen-der-alten-musik-2016","status":"publish","type":"post","link":"https:\/\/codexflores.ch\/index.php\/2016\/08\/29\/bilanz-der-innsbrucker-festwochen-der-alten-musik-2016\/","title":{"rendered":"Bilanz der Innsbrucker Festwochen der Alten Musik"},"content":{"rendered":"<p><span style=\"font-family: arial,helvetica,sans-serif; font-size: small;\">29.08.2016 &#8212; Die 40. Innsbrucker Festwochen haben laut ihrer eigenen Mitteilung eine Auslastung ihrer Veranstaltungen von 97 Prozent erreicht. Gez\u00e4hlt worden sind 26&#8217;400 Eintritte, 5700 mehr als im Vorjahr.<\/span><\/p>\n<p><span style=\"font-family: arial,helvetica,sans-serif; font-size: small;\"><strong>29.08.2016 &#8212; Die 40. Innsbrucker Festwochen haben laut ihrer eigenen Mitteilung eine Auslastung ihrer Veranstaltungen von 97 Prozent erreicht. Gez\u00e4hlt worden sind 26&#8217;400 Eintritte, 5700 mehr als im Vorjahr.<\/strong><\/span><\/p>\n<p><span style=\"font-family: arial,helvetica,sans-serif; font-size: small;\">\u00a0<\/span><\/p>\n<p><span style=\"font-family: arial,helvetica,sans-serif; font-size: small;\">Von 1991 bis 2009 programmierte der Dirigent und Countertenor Ren\u00e9 Jacobs das Opernprogramm des Festivals, von 1997 bis 2009 war er der k\u00fcnstlerische Leiter. Seit 2010 lenkt Alessandro De Marchi, der Leiter der Academia Montis Regalis, als K\u00fcnstlerischer Leiter die Geschicke der Festwochen.<\/span><\/p>\n<p>\u00a0<\/p>\n<p><span style=\"font-family: arial,helvetica,sans-serif; font-size: small;\">2010 wurde im Rahmen der Innsbrucker Festwochen der Alten Musik der seither j\u00e4hrlich stattfindende Internationale Gesangswettbewerb f\u00fcr Barockoper Pietro Antonio Cesti ins Leben gerufen. Der diesj\u00e4hrige Gewinner ist der 28-j\u00e4hrige australische Bariton Morgan Pearse.\u00a0 <em>(cf)<\/em><\/span><\/p>\n","protected":false},"excerpt":{"rendered":"<p><span style=\"font-family: arial,helvetica,sans-serif; font-size: small;\">29.08.2016 &#8212; Die 40. Innsbrucker Festwochen haben laut ihrer eigenen Mitteilung eine Auslastung ihrer Veranstaltungen von 97 Prozent erreicht. Gez\u00e4hlt worden sind 26&#8217;400 Eintritte, 5700 mehr als im Vorjahr.<\/span><\/p>\n","protected":false},"author":1,"featured_media":0,"comment_status":"open","ping_status":"open","sticky":false,"template":"","format":"standard","meta":{"footnotes":""},"categories":[2],"tags":[],"class_list":["post-2991","post","type-post","status-publish","format-standard","hentry","category-nachrichten","entry"],"_links":{"self":[{"href":"https:\/\/codexflores.ch\/index.php\/wp-json\/wp\/v2\/posts\/2991","targetHints":{"allow":["GET"]}}],"collection":[{"href":"https:\/\/codexflores.ch\/index.php\/wp-json\/wp\/v2\/posts"}],"about":[{"href":"https:\/\/codexflores.ch\/index.php\/wp-json\/wp\/v2\/types\/post"}],"author":[{"embeddable":true,"href":"https:\/\/codexflores.ch\/index.php\/wp-json\/wp\/v2\/users\/1"}],"replies":[{"embeddable":true,"href":"https:\/\/codexflores.ch\/index.php\/wp-json\/wp\/v2\/comments?post=2991"}],"version-history":[{"count":0,"href":"https:\/\/codexflores.ch\/index.php\/wp-json\/wp\/v2\/posts\/2991\/revisions"}],"wp:attachment":[{"href":"https:\/\/codexflores.ch\/index.php\/wp-json\/wp\/v2\/media?parent=2991"}],"wp:term":[{"taxonomy":"category","embeddable":true,"href":"https:\/\/codexflores.ch\/index.php\/wp-json\/wp\/v2\/categories?post=2991"},{"taxonomy":"post_tag","embeddable":true,"href":"https:\/\/codexflores.ch\/index.php\/wp-json\/wp\/v2\/tags?post=2991"}],"curies":[{"name":"wp","href":"https:\/\/api.w.org\/{rel}","templated":true}]}}