{"id":2992,"date":"2016-08-30T05:52:11","date_gmt":"2016-08-30T05:52:11","guid":{"rendered":"https:\/\/codexflores.ch\/index.php\/2016\/08\/30\/tod-des-weimarer-dirigenten-martin-hoff\/"},"modified":"2016-08-30T05:52:11","modified_gmt":"2016-08-30T05:52:11","slug":"tod-des-weimarer-dirigenten-martin-hoff","status":"publish","type":"post","link":"https:\/\/codexflores.ch\/index.php\/2016\/08\/30\/tod-des-weimarer-dirigenten-martin-hoff\/","title":{"rendered":"Tod des Weimarer Dirigenten Martin Hoff"},"content":{"rendered":"<p><span style=\"font-family: arial,helvetica,sans-serif; font-size: small;\">30.08.2016 &#8212; Wie die Hochschule f\u00fcr Musik Franz Liszt Weimar schreibt, ist der 51-j\u00e4hrige Weimarer Kapellmeister und Dirigierlehrer Martin Hoff unerwartet verstorben. Hoff war 1. Kapellmeister der Staatskapelle Weimar und an der Hochschule Lehrbeauftragter f\u00fcr Orchesterdirigieren.<\/span><\/p>\n<p><span style=\"font-family: arial,helvetica,sans-serif; font-size: small;\"><strong>30.08.2016 &#8212; Wie die Hochschule f\u00fcr Musik Franz Liszt Weimar schreibt, ist der 51-j\u00e4hrige Weimarer Kapellmeister und Dirigierlehrer Martin Hoff unerwartet verstorben. Hoff war 1. Kapellmeister der Staatskapelle Weimar und an der Hochschule Lehrbeauftragter f\u00fcr Orchesterdirigieren.<\/strong><\/span><\/p>\n<p><span style=\"font-family: arial,helvetica,sans-serif; font-size: small;\">\u00a0<\/span><\/p>\n<p><span style=\"font-family: arial,helvetica,sans-serif; font-size: small;\">Martin Hoff studierte in Dresden zun\u00e4chst Studienleiter und Kapellmeister in Halle. Von 1997 bis 2004 war er am S\u00fcdth\u00fcringischen Staatstheater Meiningen als 1. Kapellmeister und stellvertretender GMD engagiert. Zu Beginn der Spielzeit 2004\/05 wechselte er als 1. Kapellmeister der Staatskapelle Weimar an das Deutsche Nationaltheater Weimar. Seit der Spielzeit 2008\/09 leitete er dort alle \u00abRing\u00bb-Vorstellungen sowie f\u00fcnf komplette Zyklen.<\/span><\/p>\n<p>\u00a0<\/p>\n<p><span style=\"font-family: arial,helvetica,sans-serif; font-size: small;\">Mit dem Th\u00fcringischen Kammerorchester Weimar verband Martin Hoff seit 2004 eine enge und regelm\u00e4ssige Zusammenarbeit. Neben zahlreichen Konzerten in ganz Deutschland erfolgte auch die Ver\u00f6ffentlichung mehrerer CD. Seit Beginn des Wintersemesters 2011 hatte Martin Hoff einen Lehrauftrag f\u00fcr Dirigieren an der Hochschule f\u00fcr Musik Franz Liszt Weimar inne. <em>(cf)\u00a0<\/em> <\/span><\/p>\n<p><span style=\"font-family: arial,helvetica,sans-serif; font-size: small;\">\u00a0<\/span><\/p>\n","protected":false},"excerpt":{"rendered":"<p><span style=\"font-family: arial,helvetica,sans-serif; font-size: small;\">30.08.2016 &#8212; Wie die Hochschule f\u00fcr Musik Franz Liszt Weimar schreibt, ist der 51-j\u00e4hrige Weimarer Kapellmeister und Dirigierlehrer Martin Hoff unerwartet verstorben. Hoff war 1. Kapellmeister der Staatskapelle Weimar und an der Hochschule Lehrbeauftragter f\u00fcr Orchesterdirigieren.<\/span><\/p>\n","protected":false},"author":1,"featured_media":0,"comment_status":"open","ping_status":"open","sticky":false,"template":"","format":"standard","meta":{"footnotes":""},"categories":[2],"tags":[],"class_list":["post-2992","post","type-post","status-publish","format-standard","hentry","category-nachrichten","entry"],"_links":{"self":[{"href":"https:\/\/codexflores.ch\/index.php\/wp-json\/wp\/v2\/posts\/2992","targetHints":{"allow":["GET"]}}],"collection":[{"href":"https:\/\/codexflores.ch\/index.php\/wp-json\/wp\/v2\/posts"}],"about":[{"href":"https:\/\/codexflores.ch\/index.php\/wp-json\/wp\/v2\/types\/post"}],"author":[{"embeddable":true,"href":"https:\/\/codexflores.ch\/index.php\/wp-json\/wp\/v2\/users\/1"}],"replies":[{"embeddable":true,"href":"https:\/\/codexflores.ch\/index.php\/wp-json\/wp\/v2\/comments?post=2992"}],"version-history":[{"count":0,"href":"https:\/\/codexflores.ch\/index.php\/wp-json\/wp\/v2\/posts\/2992\/revisions"}],"wp:attachment":[{"href":"https:\/\/codexflores.ch\/index.php\/wp-json\/wp\/v2\/media?parent=2992"}],"wp:term":[{"taxonomy":"category","embeddable":true,"href":"https:\/\/codexflores.ch\/index.php\/wp-json\/wp\/v2\/categories?post=2992"},{"taxonomy":"post_tag","embeddable":true,"href":"https:\/\/codexflores.ch\/index.php\/wp-json\/wp\/v2\/tags?post=2992"}],"curies":[{"name":"wp","href":"https:\/\/api.w.org\/{rel}","templated":true}]}}