{"id":2995,"date":"2016-08-31T05:47:04","date_gmt":"2016-08-31T05:47:04","guid":{"rendered":"https:\/\/codexflores.ch\/index.php\/2016\/08\/31\/widerstand-gegen-salle-modulable-in-luzern\/"},"modified":"2016-08-31T05:47:04","modified_gmt":"2016-08-31T05:47:04","slug":"widerstand-gegen-salle-modulable-in-luzern","status":"publish","type":"post","link":"https:\/\/codexflores.ch\/index.php\/2016\/08\/31\/widerstand-gegen-salle-modulable-in-luzern\/","title":{"rendered":"Widerstand gegen Salle Modulable in Luzern"},"content":{"rendered":"<p><span style=\"font-family: arial,helvetica,sans-serif; font-size: small;\">31.08.2016 &#8212; Der geplanten Salle Modulable in Luzern erw\u00e4chst Widerstand aus der kantonalen Politik. Die Kommission Erziehung, Bildung und Kultur (EBKK) des Luzerner Kantonsrates stellt sich gegen einen Projekt-Sonderkredit.<\/span><\/p>\n<p><span style=\"font-family: arial,helvetica,sans-serif; font-size: small;\"><strong>31.08.2016 &#8212; Der geplanten Salle Modulable in Luzern erw\u00e4chst Widerstand aus der kantonalen Politik. Die Kommission Erziehung, Bildung und Kultur (EBKK) des Luzerner Kantonsrates stellt sich gegen einen Projekt-Sonderkredit.<\/strong><\/span><\/p>\n<p>\u00a0<\/p>\n<div class=\"text-section\">\n<p><span style=\"font-family: arial,helvetica,sans-serif; font-size: small;\">Laut der Mitteilung des Kantons beantragt die EBKK mit gosser Mehrheit einen Sonderkredit von 6,979 Millionen Franken f\u00fcr das Neue Theater Luzern \/ Salle Modulable zur\u00fcckzuweisen.\u00a0 Mit knapper Mehrheit hat sie sich zuvor gegen Antr\u00e4ge um Verschiebung\/Sistierung der Beratung in der Kommission, respektive im Kantonsrat ausgesprochen, um die st\u00e4dtische Abstimmung \u00fcber den Baurechtsvertrag vom 27. November 2016 f\u00fcr den Standort Inseli und die Ergebnisse von zwei Initiativen abzuwarten.<\/span><\/p>\n<p>\u00a0<\/p>\n<p><span style=\"font-family: arial,helvetica,sans-serif; font-size: small;\">Die EBKK erachtet die Salle Modulable r\u00e4umlich und finanziell als zu gross dimensioniert. Sie bezweifle, dass sie den Bed\u00fcrfnissen und M\u00f6glichkeiten eines produzierenden Theaters gerecht werden kann. Die Projektanforderungen und der enge Zeitplan seien vom Trust zudem bereits klar vorgegeben und nicht weiter verhandelbar. Das erschwere einen umfassenden Prozess des Einbezugs und sei demokratiepolitisch unbefriedigend.<\/span><\/p>\n<p>\u00a0<\/p>\n<p><span style=\"font-family: arial,helvetica,sans-serif; font-size: small;\">Weiter fehle f\u00fcr ein Projekt dieser Dimension eine positive finanzpolitische Perspektive des Kantons. Die zu erwartenden Mehrkosten seien nicht vereinbar mit den Spar-Entscheidungen, die in letzter Zeit getroffen wurden und noch anstehen. Eine massgebliche Senkung der Mehrkosten im Betrieb sch\u00e4tzt die EBKK als unrealistisch ein. <em>(cf)<\/em><\/span><\/p>\n<\/p><\/div>\n<p>\u00a0<\/p>\n","protected":false},"excerpt":{"rendered":"<p><span style=\"font-family: arial,helvetica,sans-serif; font-size: small;\">31.08.2016 &#8212; Der geplanten Salle Modulable in Luzern erw\u00e4chst Widerstand aus der kantonalen Politik. Die Kommission Erziehung, Bildung und Kultur (EBKK) des Luzerner Kantonsrates stellt sich gegen einen Projekt-Sonderkredit.<\/span><\/p>\n","protected":false},"author":1,"featured_media":0,"comment_status":"open","ping_status":"open","sticky":false,"template":"","format":"standard","meta":{"footnotes":""},"categories":[2],"tags":[],"class_list":["post-2995","post","type-post","status-publish","format-standard","hentry","category-nachrichten","entry"],"_links":{"self":[{"href":"https:\/\/codexflores.ch\/index.php\/wp-json\/wp\/v2\/posts\/2995","targetHints":{"allow":["GET"]}}],"collection":[{"href":"https:\/\/codexflores.ch\/index.php\/wp-json\/wp\/v2\/posts"}],"about":[{"href":"https:\/\/codexflores.ch\/index.php\/wp-json\/wp\/v2\/types\/post"}],"author":[{"embeddable":true,"href":"https:\/\/codexflores.ch\/index.php\/wp-json\/wp\/v2\/users\/1"}],"replies":[{"embeddable":true,"href":"https:\/\/codexflores.ch\/index.php\/wp-json\/wp\/v2\/comments?post=2995"}],"version-history":[{"count":0,"href":"https:\/\/codexflores.ch\/index.php\/wp-json\/wp\/v2\/posts\/2995\/revisions"}],"wp:attachment":[{"href":"https:\/\/codexflores.ch\/index.php\/wp-json\/wp\/v2\/media?parent=2995"}],"wp:term":[{"taxonomy":"category","embeddable":true,"href":"https:\/\/codexflores.ch\/index.php\/wp-json\/wp\/v2\/categories?post=2995"},{"taxonomy":"post_tag","embeddable":true,"href":"https:\/\/codexflores.ch\/index.php\/wp-json\/wp\/v2\/tags?post=2995"}],"curies":[{"name":"wp","href":"https:\/\/api.w.org\/{rel}","templated":true}]}}