{"id":2997,"date":"2016-09-01T06:02:57","date_gmt":"2016-09-01T06:02:57","guid":{"rendered":"https:\/\/codexflores.ch\/index.php\/2016\/09\/01\/stiftungsrat-von-lucerne-festival-neu-besetzt\/"},"modified":"2016-09-01T06:02:57","modified_gmt":"2016-09-01T06:02:57","slug":"stiftungsrat-von-lucerne-festival-neu-besetzt","status":"publish","type":"post","link":"https:\/\/codexflores.ch\/index.php\/2016\/09\/01\/stiftungsrat-von-lucerne-festival-neu-besetzt\/","title":{"rendered":"Stiftungsrat von Lucerne Festival neu besetzt"},"content":{"rendered":"<p><span style=\"font-family: arial,helvetica,sans-serif; font-size: small;\">01.09.2016 &#8212; Der Stiftungsrat von Lucerne Festival hat drei neue Mitglieder: Den Stadtpr\u00e4sidenten Beat Z\u00fcsli, den Roche-Chef Christoph Franz sowie den Adecco-Verwaltungsrats-Pr\u00e4sidenten Rolf D\u00f6rig.<\/span><\/p>\n<p>\u00a0<\/p>\n<p><span style=\"font-family: arial,helvetica,sans-serif; font-size: small;\"><strong>01.09.2016 &#8212; Der Stiftungsrat von Lucerne Festival hat drei neue Mitglieder: Den Stadtpr\u00e4sidenten Beat Z\u00fcsli, den Roche-Chef Christoph Franz sowie den Adecco-Verwaltungsrats-Pr\u00e4sidenten Rolf D\u00f6rig.<\/strong><\/span><\/p>\n<p>\u00a0<\/p>\n<p><span style=\"font-family: arial,helvetica,sans-serif; font-size: small;\">Beat Z\u00fcsli, der ab dem 1. September sein Amt als neuer Stadtpr\u00e4sident von Luzern antritt, folgt auch im Stiftungsrat von Lucerne Festival auf seinen Vorg\u00e4nger Stefan Roth. Die Stiftungsrats-Nachfolge von Franz Humer tritt sein Nachfolger bei der Roche Holding AG, Christoph Franz, an. Als weiteres neues Mitglied tritt ausserdem Rolf D\u00f6rig bei, Pr\u00e4sident des Verwaltungsrats der Adecco Group AG. <\/span><\/p>\n<p>\u00a0<\/p>\n<p><span style=\"font-family: arial,helvetica,sans-serif; font-size: small;\">Aus dem Stiftungsrat ausgeschieden ist Martin Senn, der im vergangenen Mai verstorben ist. <em>(cf)<\/em><\/span><\/p>\n","protected":false},"excerpt":{"rendered":"<p><span style=\"font-family: arial,helvetica,sans-serif; font-size: small;\">01.09.2016 &#8212; Der Stiftungsrat von Lucerne Festival hat drei neue Mitglieder: Den Stadtpr\u00e4sidenten Beat Z\u00fcsli, den Roche-Chef Christoph Franz sowie den Adecco-Verwaltungsrats-Pr\u00e4sidenten Rolf D\u00f6rig.<\/span><\/p>\n","protected":false},"author":1,"featured_media":0,"comment_status":"open","ping_status":"open","sticky":false,"template":"","format":"standard","meta":{"footnotes":""},"categories":[2],"tags":[],"class_list":["post-2997","post","type-post","status-publish","format-standard","hentry","category-nachrichten","entry"],"_links":{"self":[{"href":"https:\/\/codexflores.ch\/index.php\/wp-json\/wp\/v2\/posts\/2997","targetHints":{"allow":["GET"]}}],"collection":[{"href":"https:\/\/codexflores.ch\/index.php\/wp-json\/wp\/v2\/posts"}],"about":[{"href":"https:\/\/codexflores.ch\/index.php\/wp-json\/wp\/v2\/types\/post"}],"author":[{"embeddable":true,"href":"https:\/\/codexflores.ch\/index.php\/wp-json\/wp\/v2\/users\/1"}],"replies":[{"embeddable":true,"href":"https:\/\/codexflores.ch\/index.php\/wp-json\/wp\/v2\/comments?post=2997"}],"version-history":[{"count":0,"href":"https:\/\/codexflores.ch\/index.php\/wp-json\/wp\/v2\/posts\/2997\/revisions"}],"wp:attachment":[{"href":"https:\/\/codexflores.ch\/index.php\/wp-json\/wp\/v2\/media?parent=2997"}],"wp:term":[{"taxonomy":"category","embeddable":true,"href":"https:\/\/codexflores.ch\/index.php\/wp-json\/wp\/v2\/categories?post=2997"},{"taxonomy":"post_tag","embeddable":true,"href":"https:\/\/codexflores.ch\/index.php\/wp-json\/wp\/v2\/tags?post=2997"}],"curies":[{"name":"wp","href":"https:\/\/api.w.org\/{rel}","templated":true}]}}