{"id":2998,"date":"2016-09-01T06:15:30","date_gmt":"2016-09-01T06:15:30","guid":{"rendered":"https:\/\/codexflores.ch\/index.php\/2016\/09\/01\/magali-rousseau-leitet-orchestre-de-la-suisse-romande\/"},"modified":"2016-09-01T06:15:30","modified_gmt":"2016-09-01T06:15:30","slug":"magali-rousseau-leitet-orchestre-de-la-suisse-romande","status":"publish","type":"post","link":"https:\/\/codexflores.ch\/index.php\/2016\/09\/01\/magali-rousseau-leitet-orchestre-de-la-suisse-romande\/","title":{"rendered":"Magali Rousseau leitet Orchestre de la Suisse Romande"},"content":{"rendered":"<p><span style=\"font-family: arial,helvetica,sans-serif; font-size: small;\">01.09.2016 &#8212; Das Orchestre de la Suisse Romande hat per Anfang November mit Magali Rousseau, die zur Zeit noch f\u00fcr das Orchestre Philharmonique de Radio France t\u00e4tig ist, eine neue Gesch\u00e4ftsf\u00fchrerin.<\/span><\/p>\n<p><span style=\"font-family: arial,helvetica,sans-serif; font-size: small;\"><strong>01.09.2016 &#8212; Das Orchestre de la Suisse Romande hat per Anfang November mit Magali Rousseau, die zur Zeit noch f\u00fcr das Orchestre Philharmonique de Radio France t\u00e4tig ist, eine neue Gesch\u00e4ftsf\u00fchrerin.<\/strong><\/span><\/p>\n<p><span style=\"font-family: arial,helvetica,sans-serif; font-size: small;\">\u00a0<\/span><\/p>\n<p><span style=\"font-family: arial,helvetica,sans-serif; font-size: small;\">Die 1976 in Clermont-Ferrand geborene Magali Rousseau hat an der Universit\u00e9 Paris IV Sorbonne Musikwissenschaften und Kulturmanagement studiert und verf\u00fcgt \u00fcberdies \u00fcber Diplome als Perkussionistin und Pianistin. W\u00e4hrend ihres Studiums war sie auch f\u00fcr das Pariser Ircam t\u00e4tig. 1999 wurde sie Produktionsleiterin beim Orchestre de Bretagne. Von 2008 bis 2011 amtete sie als\u00a0Produktionsleiterin beim Ensemble Intercontemporain.<\/span><\/p>\n<p><span style=\"font-family: arial,helvetica,sans-serif; font-size: small;\">\u00a0<\/span><\/p>\n<p><span style=\"font-family: arial,helvetica,sans-serif; font-size: small;\">In Genf tritt Rousseau ein schwieriges Erbe an. Im Februar hatte der letzte Orchesterdirektor Henk Swinnen \u00fcberraschend seinen vorzeitigen Abgang erkl\u00e4rt. Swinnen war auf Miguel Esteban gefolgt, dessen Abgang bereits ein gerichtliches Nachspiel hatte. <em>(cf)<\/em><\/span><\/p>\n","protected":false},"excerpt":{"rendered":"<p><span style=\"font-family: arial,helvetica,sans-serif; font-size: small;\">01.09.2016 &#8212; Das Orchestre de la Suisse Romande hat per Anfang November mit Magali Rousseau, die zur Zeit noch f\u00fcr das Orchestre Philharmonique de Radio France t\u00e4tig ist, eine neue Gesch\u00e4ftsf\u00fchrerin.<\/span><\/p>\n","protected":false},"author":1,"featured_media":0,"comment_status":"open","ping_status":"open","sticky":false,"template":"","format":"standard","meta":{"footnotes":""},"categories":[2],"tags":[],"class_list":["post-2998","post","type-post","status-publish","format-standard","hentry","category-nachrichten","entry"],"_links":{"self":[{"href":"https:\/\/codexflores.ch\/index.php\/wp-json\/wp\/v2\/posts\/2998","targetHints":{"allow":["GET"]}}],"collection":[{"href":"https:\/\/codexflores.ch\/index.php\/wp-json\/wp\/v2\/posts"}],"about":[{"href":"https:\/\/codexflores.ch\/index.php\/wp-json\/wp\/v2\/types\/post"}],"author":[{"embeddable":true,"href":"https:\/\/codexflores.ch\/index.php\/wp-json\/wp\/v2\/users\/1"}],"replies":[{"embeddable":true,"href":"https:\/\/codexflores.ch\/index.php\/wp-json\/wp\/v2\/comments?post=2998"}],"version-history":[{"count":0,"href":"https:\/\/codexflores.ch\/index.php\/wp-json\/wp\/v2\/posts\/2998\/revisions"}],"wp:attachment":[{"href":"https:\/\/codexflores.ch\/index.php\/wp-json\/wp\/v2\/media?parent=2998"}],"wp:term":[{"taxonomy":"category","embeddable":true,"href":"https:\/\/codexflores.ch\/index.php\/wp-json\/wp\/v2\/categories?post=2998"},{"taxonomy":"post_tag","embeddable":true,"href":"https:\/\/codexflores.ch\/index.php\/wp-json\/wp\/v2\/tags?post=2998"}],"curies":[{"name":"wp","href":"https:\/\/api.w.org\/{rel}","templated":true}]}}