{"id":2999,"date":"2016-09-05T05:50:10","date_gmt":"2016-09-05T05:50:10","guid":{"rendered":"https:\/\/codexflores.ch\/index.php\/2016\/09\/05\/zufriedene-macher-der-ersten-wiesbaden-biennale\/"},"modified":"2016-09-05T05:50:10","modified_gmt":"2016-09-05T05:50:10","slug":"zufriedene-macher-der-ersten-wiesbaden-biennale","status":"publish","type":"post","link":"https:\/\/codexflores.ch\/index.php\/2016\/09\/05\/zufriedene-macher-der-ersten-wiesbaden-biennale\/","title":{"rendered":"Zufriedene Macher der ersten Wiesbaden Biennale"},"content":{"rendered":"<p><span style=\"font-family: arial,helvetica,sans-serif; font-size: small;\">05.09.2016 &#8212; In Wiesbaden ist unter dem Titel \u00abThis ist not Europe\u00bb erstmals ein internationales Avantgarde-Festival realisiert worden. Es hat\u00a0200 internationale K\u00fcnstler, 400 lokale Beteiligte und rund 10&#8217;000 Besucher in die Stadt gebracht.<\/span><\/p>\n<p><span style=\"font-family: arial,helvetica,sans-serif; font-size: small;\"><strong>05.09.2016 &#8212; In Wiesbaden ist unter dem Titel \u00abThis ist not Europe\u00bb erstmals ein internationales Avantgarde-Festival realisiert worden. Es hat\u00a0200 internationale K\u00fcnstler, 400 lokale Beteiligte und rund 10&#8217;000 Besucher in die Stadt gebracht.<\/strong><\/span><\/p>\n<p><span style=\"font-family: arial,helvetica,sans-serif; font-size: small;\">\u00a0<\/span><\/p>\n<p><span style=\"font-family: arial,helvetica,sans-serif; font-size: small;\">In der Hessischen Landeshauptstadt und im Opelwerk R\u00fcsselsheim waren neun Gastspiele auf allen B\u00fchnen des Staatstheaters zu sehen, darunter eine Urauff\u00fchrung, eine Europa-Premiere und zahlreiche Deutschland-Premieren, sowie im Programmschwerpunkt \u00abAsyl des M\u00fcden Europ\u00e4ers\u00bb zehn eigens f\u00fcr Wiesbaden neu produzierte Projekte an unterschiedlichsten Orten in der Stadt.<\/span><\/p>\n<p><span style=\"font-family: arial,helvetica,sans-serif; font-size: small;\">\u00a0<\/span><\/p>\n<p><span style=\"font-family: arial,helvetica,sans-serif; font-size: small;\">Die beiden Kuratoren Martin Hammer und Maria Magdalena Ludewig haben bereits ihren Vertrag verl\u00e4ngert und werden auch die n\u00e4chste Biennale im Sommer 2018 kuratieren. Noch bis zum 18.9. ist weiterhin das \u00abMuseum Domo de E\u016dropa Historio en Ekzilo\u00bb des belgischen K\u00fcnstlers Thomas Bellinck im Alten Gericht ge\u00f6ffnet.\u00a0<em> (cf)<\/em><\/span><\/p>\n<p><span style=\"font-family: arial,helvetica,sans-serif; font-size: small;\">\u00a0<\/span><\/p>\n","protected":false},"excerpt":{"rendered":"<p><span style=\"font-family: arial,helvetica,sans-serif; font-size: small;\">05.09.2016 &#8212; In Wiesbaden ist unter dem Titel \u00abThis ist not Europe\u00bb erstmals ein internationales Avantgarde-Festival realisiert worden. Es hat\u00a0200 internationale K\u00fcnstler, 400 lokale Beteiligte und rund 10&#8217;000 Besucher in die Stadt gebracht.<\/span><\/p>\n","protected":false},"author":1,"featured_media":0,"comment_status":"open","ping_status":"open","sticky":false,"template":"","format":"standard","meta":{"footnotes":""},"categories":[2],"tags":[],"class_list":["post-2999","post","type-post","status-publish","format-standard","hentry","category-nachrichten","entry"],"_links":{"self":[{"href":"https:\/\/codexflores.ch\/index.php\/wp-json\/wp\/v2\/posts\/2999","targetHints":{"allow":["GET"]}}],"collection":[{"href":"https:\/\/codexflores.ch\/index.php\/wp-json\/wp\/v2\/posts"}],"about":[{"href":"https:\/\/codexflores.ch\/index.php\/wp-json\/wp\/v2\/types\/post"}],"author":[{"embeddable":true,"href":"https:\/\/codexflores.ch\/index.php\/wp-json\/wp\/v2\/users\/1"}],"replies":[{"embeddable":true,"href":"https:\/\/codexflores.ch\/index.php\/wp-json\/wp\/v2\/comments?post=2999"}],"version-history":[{"count":0,"href":"https:\/\/codexflores.ch\/index.php\/wp-json\/wp\/v2\/posts\/2999\/revisions"}],"wp:attachment":[{"href":"https:\/\/codexflores.ch\/index.php\/wp-json\/wp\/v2\/media?parent=2999"}],"wp:term":[{"taxonomy":"category","embeddable":true,"href":"https:\/\/codexflores.ch\/index.php\/wp-json\/wp\/v2\/categories?post=2999"},{"taxonomy":"post_tag","embeddable":true,"href":"https:\/\/codexflores.ch\/index.php\/wp-json\/wp\/v2\/tags?post=2999"}],"curies":[{"name":"wp","href":"https:\/\/api.w.org\/{rel}","templated":true}]}}