{"id":3001,"date":"2016-09-06T05:39:11","date_gmt":"2016-09-06T05:39:11","guid":{"rendered":"https:\/\/codexflores.ch\/index.php\/2016\/09\/06\/geir-lysne-wird-chefdirigent-der-ndr-bigband\/"},"modified":"2016-09-06T05:39:11","modified_gmt":"2016-09-06T05:39:11","slug":"geir-lysne-wird-chefdirigent-der-ndr-bigband","status":"publish","type":"post","link":"https:\/\/codexflores.ch\/index.php\/2016\/09\/06\/geir-lysne-wird-chefdirigent-der-ndr-bigband\/","title":{"rendered":"Geir Lysne wird Chefdirigent der NDR Bigband"},"content":{"rendered":"<p><span style=\"font-family: arial,helvetica,sans-serif; font-size: small;\">06.09.2016 &#8212; Die NDR Bigband startet mit einem neuen Chefdirigenten in die Saison 2016\/17. Der Norweger Geir Lysne \u00fcbernimmt das Amt von J\u00f6rg Achim Keller, der als Erster Gastdirigent der Band weiter verbunden bleibt.<\/span><\/p>\n<p><span style=\"font-family: arial,helvetica,sans-serif; font-size: small;\"><strong>06.09.2016 &#8212; Die NDR Bigband startet mit einem neuen Chefdirigenten in die Saison 2016\/17. Der Norweger Geir Lysne \u00fcbernimmt das Amt von J\u00f6rg Achim Keller, der als Erster Gastdirigent der Band weiter verbunden bleibt.<\/strong><\/span><\/p>\n<p><span style=\"font-family: arial,helvetica,sans-serif; font-size: small;\">\u00a0<\/span><\/p>\n<p><span style=\"font-family: arial,helvetica,sans-serif; font-size: small;\">Der 1965 geborene Lysne hat vor allem mit seinem Listening Ensemble Aufmerksamkeit erregt, mit dem er das Big-Band-Konzept auf eigene Weise weiterentwickelt hat. Durch ungewohnte Instrumentierungen und weltmusikalische Kontexte gelinge ihm eine neue, nordische, unverwechselbare Art von melodi\u00f6sem Raumklang und Dynamik, schreibt sein Label Act Music.<\/span><\/p>\n<p><span style=\"font-family: arial,helvetica,sans-serif; font-size: small;\">\u00a0<\/span><\/p>\n<p><span style=\"font-family: arial,helvetica,sans-serif; font-size: small;\">Zu den Schwerpunkten der kommenden Saison der NDR Bigband geh\u00f6rt unter anderem die Urauff\u00fchrung des multimedialen Projektes \u00abWatt about\u00bb, das Geir Lysne gemeinsam mit Regisseur Theo Janssen entwickelt hat. Im November geht die NDR Bigband mit Al Jarreau auf eine ausgedehnte Europatournee.<\/span><\/p>\n<p><span style=\"font-family: arial,helvetica,sans-serif; font-size: small;\">\u00a0<\/span><\/p>\n<p><span style=\"font-family: arial,helvetica,sans-serif; font-size: small;\">Auch in der Elbphilhamonie wird das Ensemble in der kommenden Spielzeit seine Visitenkarte abgeben. Eine besondere Herzensangelegenheit der Musiker sei ausserdem das Gedenkkonzert f\u00fcr den verstorbenen Lutz B\u00fcchner im M\u00e4rz 2017, heisst es in der Medienmitteilung. <em>(cf)<\/em><\/span><\/p>\n","protected":false},"excerpt":{"rendered":"<p><span style=\"font-family: arial,helvetica,sans-serif; font-size: small;\">06.09.2016 &#8212; Die NDR Bigband startet mit einem neuen Chefdirigenten in die Saison 2016\/17. Der Norweger Geir Lysne \u00fcbernimmt das Amt von J\u00f6rg Achim Keller, der als Erster Gastdirigent der Band weiter verbunden bleibt.<\/span><\/p>\n","protected":false},"author":1,"featured_media":0,"comment_status":"open","ping_status":"open","sticky":false,"template":"","format":"standard","meta":{"footnotes":""},"categories":[2],"tags":[],"class_list":["post-3001","post","type-post","status-publish","format-standard","hentry","category-nachrichten","entry"],"_links":{"self":[{"href":"https:\/\/codexflores.ch\/index.php\/wp-json\/wp\/v2\/posts\/3001","targetHints":{"allow":["GET"]}}],"collection":[{"href":"https:\/\/codexflores.ch\/index.php\/wp-json\/wp\/v2\/posts"}],"about":[{"href":"https:\/\/codexflores.ch\/index.php\/wp-json\/wp\/v2\/types\/post"}],"author":[{"embeddable":true,"href":"https:\/\/codexflores.ch\/index.php\/wp-json\/wp\/v2\/users\/1"}],"replies":[{"embeddable":true,"href":"https:\/\/codexflores.ch\/index.php\/wp-json\/wp\/v2\/comments?post=3001"}],"version-history":[{"count":0,"href":"https:\/\/codexflores.ch\/index.php\/wp-json\/wp\/v2\/posts\/3001\/revisions"}],"wp:attachment":[{"href":"https:\/\/codexflores.ch\/index.php\/wp-json\/wp\/v2\/media?parent=3001"}],"wp:term":[{"taxonomy":"category","embeddable":true,"href":"https:\/\/codexflores.ch\/index.php\/wp-json\/wp\/v2\/categories?post=3001"},{"taxonomy":"post_tag","embeddable":true,"href":"https:\/\/codexflores.ch\/index.php\/wp-json\/wp\/v2\/tags?post=3001"}],"curies":[{"name":"wp","href":"https:\/\/api.w.org\/{rel}","templated":true}]}}