{"id":3002,"date":"2016-09-07T05:43:58","date_gmt":"2016-09-07T05:43:58","guid":{"rendered":"https:\/\/codexflores.ch\/index.php\/2016\/09\/07\/kompositionen-fuer-musikvermittlungsfest-gesucht\/"},"modified":"2016-09-07T05:43:58","modified_gmt":"2016-09-07T05:43:58","slug":"kompositionen-fuer-musikvermittlungsfest-gesucht","status":"publish","type":"post","link":"https:\/\/codexflores.ch\/index.php\/2016\/09\/07\/kompositionen-fuer-musikvermittlungsfest-gesucht\/","title":{"rendered":"Kompositionen f\u00fcr Musikvermittlungsfest gesucht"},"content":{"rendered":"<p><span style=\"font-family: arial,helvetica,sans-serif; font-size: small;\">07.09.2016 &#8212; Der Verein Musikvermittlung Schweiz + sucht kurzfristig Konzepte oder Kompositionen fu\u0308r 5-Minuten-Stu\u0308cke fu\u0308r Spezial-Instrumentarium (zum Beispiel Plastiks\u00e4cke, Pingpongb\u00e4lle, Kazoos, Papier, Geschirr).<\/span><\/p>\n<p><span style=\"font-family: arial,helvetica,sans-serif; font-size: small;\"><strong>07.09.2016 &#8212; Der Verein Musikvermittlung Schweiz + sucht kurzfristig Konzepte oder Kompositionen fu\u0308r 5-Minuten-Stu\u0308cke fu\u0308r Spezial-Instrumentarium (zum Beispiel Plastiks\u00e4cke, Pingpongb\u00e4lle, Kazoos, Papier, Geschirr).<\/strong><\/span><\/p>\n<p><span style=\"font-family: arial,helvetica,sans-serif; font-size: small;\">\u00a0<\/span><\/p>\n<p><span style=\"font-family: arial,helvetica,sans-serif; font-size: small;\">Die Werke, schreibt der Verein, sollten idealerweise f\u00fcr kleinere und gr\u00f6ssere (Amateur)Gruppen funktionieren wie zum Beispiel Ch\u00f6re, Orchester, Bands, Schulklassen, Vereine. Die Werke sollten so notiert sein, dass sie auch von Nichtmusikern und -musikerinnen ausgef\u00fchrt werden k\u00f6nnen. Das kann etwa eine Zeichnung sein, ein Plan, eine verbale Anweisung, eine grafische Notation.<\/span><\/p>\n<p><span style=\"font-family: arial,helvetica,sans-serif; font-size: small;\">\u00a0<\/span><\/p>\n<p><span style=\"font-family: arial,helvetica,sans-serif; font-size: small;\">Abgabetermin f\u00fcr die Werke ist der 15. Oktober 2016. Eine allf\u00e4llige Auffu\u0308hrung gibt es am 26. November 2016 am Musikvermittlungsfest\u00a0\u00abMusik in Bewegung\u00bb in Bern. <br \/><\/span><\/p>\n<p><span style=\"font-family: arial,helvetica,sans-serif; font-size: small;\"><strong>Mehr Infos:<\/strong> <a href=\"https:\/\/musikvermittlungschweiz.ch\/call-appel-a-candidature\/\" target=\"_blank\" rel=\"noopener noreferrer\">musikvermittlungschweiz.ch<\/a><\/span><\/p>\n<p><span style=\"font-family: arial,helvetica,sans-serif; font-size: small;\">\u00a0<\/span><\/p>\n","protected":false},"excerpt":{"rendered":"<p><span style=\"font-family: arial,helvetica,sans-serif; font-size: small;\">07.09.2016 &#8212; Der Verein Musikvermittlung Schweiz + sucht kurzfristig Konzepte oder Kompositionen fu\u0308r 5-Minuten-Stu\u0308cke fu\u0308r Spezial-Instrumentarium (zum Beispiel Plastiks\u00e4cke, Pingpongb\u00e4lle, Kazoos, Papier, Geschirr).<\/span><\/p>\n","protected":false},"author":1,"featured_media":0,"comment_status":"open","ping_status":"open","sticky":false,"template":"","format":"standard","meta":{"footnotes":""},"categories":[2],"tags":[],"class_list":["post-3002","post","type-post","status-publish","format-standard","hentry","category-nachrichten","entry"],"_links":{"self":[{"href":"https:\/\/codexflores.ch\/index.php\/wp-json\/wp\/v2\/posts\/3002","targetHints":{"allow":["GET"]}}],"collection":[{"href":"https:\/\/codexflores.ch\/index.php\/wp-json\/wp\/v2\/posts"}],"about":[{"href":"https:\/\/codexflores.ch\/index.php\/wp-json\/wp\/v2\/types\/post"}],"author":[{"embeddable":true,"href":"https:\/\/codexflores.ch\/index.php\/wp-json\/wp\/v2\/users\/1"}],"replies":[{"embeddable":true,"href":"https:\/\/codexflores.ch\/index.php\/wp-json\/wp\/v2\/comments?post=3002"}],"version-history":[{"count":0,"href":"https:\/\/codexflores.ch\/index.php\/wp-json\/wp\/v2\/posts\/3002\/revisions"}],"wp:attachment":[{"href":"https:\/\/codexflores.ch\/index.php\/wp-json\/wp\/v2\/media?parent=3002"}],"wp:term":[{"taxonomy":"category","embeddable":true,"href":"https:\/\/codexflores.ch\/index.php\/wp-json\/wp\/v2\/categories?post=3002"},{"taxonomy":"post_tag","embeddable":true,"href":"https:\/\/codexflores.ch\/index.php\/wp-json\/wp\/v2\/tags?post=3002"}],"curies":[{"name":"wp","href":"https:\/\/api.w.org\/{rel}","templated":true}]}}