{"id":3004,"date":"2016-09-07T06:05:52","date_gmt":"2016-09-07T06:05:52","guid":{"rendered":"https:\/\/codexflores.ch\/index.php\/2016\/09\/07\/bilanz-des-60-gstaad-menuhin-festivals\/"},"modified":"2016-09-07T06:05:52","modified_gmt":"2016-09-07T06:05:52","slug":"bilanz-des-60-gstaad-menuhin-festivals","status":"publish","type":"post","link":"https:\/\/codexflores.ch\/index.php\/2016\/09\/07\/bilanz-des-60-gstaad-menuhin-festivals\/","title":{"rendered":"Bilanz des 60. Gstaad Menuhin Festivals"},"content":{"rendered":"<p><span style=\"font-family: arial,helvetica,sans-serif; font-size: small;\">07.09.2016 &#8212; Das 60. Gstaad Menuhin Festival &amp; Academy zum Thema \u00abMusique &amp; Famille\u00bb hat in rund 75\u00a0Veranstaltungen 26&#8217;000 Eintritte gez\u00e4hlt.\u00a0Es erreichte das dritte Jahr in Folge einen Besucherrekord und steigerte <\/span><span style=\"font-family: arial,helvetica,sans-serif; font-size: small;\">gegen\u00fcber dem Vorjahr <\/span><span style=\"font-family: arial,helvetica,sans-serif; font-size: small;\">seine Besucherzahl um 10 Prozent.<\/span><\/p>\n<p><span style=\"font-family: arial,helvetica,sans-serif; font-size: small;\"><strong>07.09.2016 &#8212;\u00a0<span style=\"font-family: arial,helvetica,sans-serif; font-size: small;\">Das 60. Gstaad Menuhin Festival &amp; Academy zum Thema \u00abMusique &amp; Famille\u00bb hat in rund 75\u00a0Veranstaltungen 26&#8217;000 Eintritte gez\u00e4hlt.\u00a0Es erreichte das dritte Jahr in Folge einen Besucherrekord und steigerte <\/span><span style=\"font-family: arial,helvetica,sans-serif; font-size: small;\">gegen\u00fcber dem Vorjahr <\/span><span style=\"font-family: arial,helvetica,sans-serif; font-size: small;\">seine Besucherzahl um 10 Prozent.<\/span><\/strong><\/span><\/p>\n<p><span style=\"font-family: arial,helvetica,sans-serif; font-size: small;\">\u00a0<\/span><\/p>\n<p><span style=\"font-family: arial,helvetica,sans-serif; font-size: small;\">Mitverantwortlich f\u00fcr das Resultat waren der Auftritt des Pianisten Lang Lang und die Konzerte des Mariinksy Orchestra, zusammen mit Patricia Kopatchinskaja und Boris Berezovsky im Festival-Zelt unter der Leitung von Valery Gergiev.<\/span><\/p>\n<p><span style=\"font-family: arial,helvetica,sans-serif; font-size: small;\">\u00a0<\/span><\/p>\n<p><span style=\"font-family: arial,helvetica,sans-serif; font-size: small;\">Rund 70 Studenten aus der ganzen Welt nahmen dieses Jahr an den f\u00fcnf Meisterkursen\u00a0\u2013 Conducting, Piano, String, Vocal, Baroque\u00a0\u2013 der Gstaad Academy teil, die von zehn hochkar\u00e4tigen Professoren getragen wurden. An den Play@Gstaad Menuhin Festival Jugend- und Amateurorchesterwochen nahmen \u00fcber 180 Musikbegeisterte teil.\u00a0 <\/span><\/p>\n<p>\u00a0<\/p>\n<p><span style=\"font-family: arial,helvetica,sans-serif; font-size: small;\">Die dritte Durchf\u00fchrung der Conducting Academy verbucht das Festival als erneuten k\u00fcnstlerischen Erfolg: W\u00e4hrend drei Wochen arbeiteten die 17 Dirigenten-Studenten mit den Dozenten Neeme J\u00e4rvi und Johannes Schlaefli. Die Verleihung des 2. Neeme J\u00e4rvi Prize fand im Rahmen des Abschlusskonzertes der Conducting Academy statt. <em>(cf)<\/em><\/span><\/p>\n","protected":false},"excerpt":{"rendered":"<p><span style=\"font-family: arial,helvetica,sans-serif; font-size: small;\">07.09.2016 &#8212; Das 60. Gstaad Menuhin Festival &amp; Academy zum Thema \u00abMusique &amp; Famille\u00bb hat in rund 75\u00a0Veranstaltungen 26&#8217;000 Eintritte gez\u00e4hlt.\u00a0Es erreichte das dritte Jahr in Folge einen Besucherrekord und steigerte <\/span><span style=\"font-family: arial,helvetica,sans-serif; font-size: small;\">gegen\u00fcber dem Vorjahr <\/span><span style=\"font-family: arial,helvetica,sans-serif; font-size: small;\">seine Besucherzahl um 10 Prozent.<\/span><\/p>\n","protected":false},"author":1,"featured_media":0,"comment_status":"open","ping_status":"open","sticky":false,"template":"","format":"standard","meta":{"footnotes":""},"categories":[2],"tags":[],"class_list":["post-3004","post","type-post","status-publish","format-standard","hentry","category-nachrichten","entry"],"_links":{"self":[{"href":"https:\/\/codexflores.ch\/index.php\/wp-json\/wp\/v2\/posts\/3004","targetHints":{"allow":["GET"]}}],"collection":[{"href":"https:\/\/codexflores.ch\/index.php\/wp-json\/wp\/v2\/posts"}],"about":[{"href":"https:\/\/codexflores.ch\/index.php\/wp-json\/wp\/v2\/types\/post"}],"author":[{"embeddable":true,"href":"https:\/\/codexflores.ch\/index.php\/wp-json\/wp\/v2\/users\/1"}],"replies":[{"embeddable":true,"href":"https:\/\/codexflores.ch\/index.php\/wp-json\/wp\/v2\/comments?post=3004"}],"version-history":[{"count":0,"href":"https:\/\/codexflores.ch\/index.php\/wp-json\/wp\/v2\/posts\/3004\/revisions"}],"wp:attachment":[{"href":"https:\/\/codexflores.ch\/index.php\/wp-json\/wp\/v2\/media?parent=3004"}],"wp:term":[{"taxonomy":"category","embeddable":true,"href":"https:\/\/codexflores.ch\/index.php\/wp-json\/wp\/v2\/categories?post=3004"},{"taxonomy":"post_tag","embeddable":true,"href":"https:\/\/codexflores.ch\/index.php\/wp-json\/wp\/v2\/tags?post=3004"}],"curies":[{"name":"wp","href":"https:\/\/api.w.org\/{rel}","templated":true}]}}