{"id":3008,"date":"2016-09-12T05:35:06","date_gmt":"2016-09-12T05:35:06","guid":{"rendered":"https:\/\/codexflores.ch\/index.php\/2016\/09\/12\/bilanz-des-10-grafenegg-festival\/"},"modified":"2016-09-12T05:35:06","modified_gmt":"2016-09-12T05:35:06","slug":"bilanz-des-10-grafenegg-festival","status":"publish","type":"post","link":"https:\/\/codexflores.ch\/index.php\/2016\/09\/12\/bilanz-des-10-grafenegg-festival\/","title":{"rendered":"Bilanz des 10. Grafenegg Festivals"},"content":{"rendered":"<p><span style=\"font-family: arial,helvetica,sans-serif; font-size: small;\">12.09.2016 &#8212; Das 10. Festival in Grafenegg hat einen Besucherrekord verzeichnet: In 16 Abendkonzerte, 4 Matineen und ins Rahmenprogramm\u00a0 wurden mehr als 30&#8217;000 Eintritte gez\u00e4hlt, 2015 waren es 27&#8217;700.<\/span><\/p>\n<p><span style=\"font-family: arial,helvetica,sans-serif; font-size: small;\"><strong>12.09.2016 &#8212; Das 10. Festival in Grafenegg hat einen Besucherrekord verzeichnet: In 16 Abendkonzerte, 4 Matineen und ins Rahmenprogramm\u00a0 wurden mehr als 30&#8217;000 Eintritte gez\u00e4hlt, 2015 waren es 27&#8217;700.<\/strong><\/span><\/p>\n<p><span style=\"font-family: arial,helvetica,sans-serif; font-size: small;\">\u00a0<\/span><\/p>\n<p><span style=\"font-family: arial,helvetica,sans-serif; font-size: small;\">Insgesamt hatte die 10. Grafenegger Sommersaison (Sommernachtsgala, Sommerkonzerte, Grafenegg Festival, Familientag) laut den Veranstaltern 48&#8217;600 Besucher (Sommersaison 2015: 45&#8217;100 Besucher). Seit den Anf\u00e4ngen des Grafenegg Festivals habe sich die Besucherzahlen der Sommersaison in Grafenegg mehr als verdreifacht (Sommersaison 2007: 14&#8217;700 Besucher).<\/span><\/p>\n<p><span style=\"font-family: arial,helvetica,sans-serif; font-size: small;\">\u00a0<\/span><\/p>\n<p><span style=\"font-family: arial,helvetica,sans-serif; font-size: small;\">Das Grafenegg Festival findet j\u00e4hrlich Ende August bis Mitte September im nieder\u00f6sterreichischen Grafenegg, nordwestlich von Wien, statt. K\u00fcnstlerischer Leiter ist der Pianist Rudolf Buchbinder. Wahrzeichen des Anlasses ist die Open Air-B\u00fchne Wolkenturm. <em>(cf)<\/em><\/span><\/p>\n<p><span style=\"font-family: arial,helvetica,sans-serif; font-size: small;\">\u00a0<\/span><\/p>\n","protected":false},"excerpt":{"rendered":"<p><span style=\"font-family: arial,helvetica,sans-serif; font-size: small;\">12.09.2016 &#8212; Das 10. Festival in Grafenegg hat einen Besucherrekord verzeichnet: In 16 Abendkonzerte, 4 Matineen und ins Rahmenprogramm\u00a0 wurden mehr als 30&#8217;000 Eintritte gez\u00e4hlt, 2015 waren es 27&#8217;700.<\/span><\/p>\n","protected":false},"author":1,"featured_media":0,"comment_status":"open","ping_status":"open","sticky":false,"template":"","format":"standard","meta":{"footnotes":""},"categories":[2],"tags":[],"class_list":["post-3008","post","type-post","status-publish","format-standard","hentry","category-nachrichten","entry"],"_links":{"self":[{"href":"https:\/\/codexflores.ch\/index.php\/wp-json\/wp\/v2\/posts\/3008","targetHints":{"allow":["GET"]}}],"collection":[{"href":"https:\/\/codexflores.ch\/index.php\/wp-json\/wp\/v2\/posts"}],"about":[{"href":"https:\/\/codexflores.ch\/index.php\/wp-json\/wp\/v2\/types\/post"}],"author":[{"embeddable":true,"href":"https:\/\/codexflores.ch\/index.php\/wp-json\/wp\/v2\/users\/1"}],"replies":[{"embeddable":true,"href":"https:\/\/codexflores.ch\/index.php\/wp-json\/wp\/v2\/comments?post=3008"}],"version-history":[{"count":0,"href":"https:\/\/codexflores.ch\/index.php\/wp-json\/wp\/v2\/posts\/3008\/revisions"}],"wp:attachment":[{"href":"https:\/\/codexflores.ch\/index.php\/wp-json\/wp\/v2\/media?parent=3008"}],"wp:term":[{"taxonomy":"category","embeddable":true,"href":"https:\/\/codexflores.ch\/index.php\/wp-json\/wp\/v2\/categories?post=3008"},{"taxonomy":"post_tag","embeddable":true,"href":"https:\/\/codexflores.ch\/index.php\/wp-json\/wp\/v2\/tags?post=3008"}],"curies":[{"name":"wp","href":"https:\/\/api.w.org\/{rel}","templated":true}]}}