{"id":3010,"date":"2016-09-12T05:55:04","date_gmt":"2016-09-12T05:55:04","guid":{"rendered":"https:\/\/codexflores.ch\/index.php\/2016\/09\/12\/bilanz-des-lucerne-festival-im-sommer-2016\/"},"modified":"2016-09-12T05:55:04","modified_gmt":"2016-09-12T05:55:04","slug":"bilanz-des-lucerne-festival-im-sommer-2016","status":"publish","type":"post","link":"https:\/\/codexflores.ch\/index.php\/2016\/09\/12\/bilanz-des-lucerne-festival-im-sommer-2016\/","title":{"rendered":"Bilanz von Lucerne Festival im Sommer 2016"},"content":{"rendered":"<p><span style=\"font-family: arial,helvetica,sans-serif; font-size: small;\">12.09.2016 &#8212; 77\u02bc900 Eintritte generierten Besucher aus 49 L\u00e4ndern am diesj\u00e4hrigen Sommer-Festival von Luzern, das \u00fcber vier Wochen und f\u00fcnf Wochenenden unter dem Motto \u00abPrimaDonna\u00bb 88 k\u00fcnstlerische Zahl- und 24 Gratis-Veranstaltungen pr\u00e4sen\u00adtierte.<\/span><\/p>\n<p><span style=\"font-family: arial,helvetica,sans-serif; font-size: small;\">12.09.2016 &#8212; 77\u02bc900 Eintritte generierten Besucher aus 49 L\u00e4ndern am diesj\u00e4hrigen Sommer-Festival von Luzern, das \u00fcber vier Wochen und f\u00fcnf Wochenenden unter dem Motto \u00abPrimaDonna\u00bb 88 k\u00fcnstlerische Zahl- und 24 Gratis-Veranstaltungen pr\u00e4sen\u00adtierte.<\/span><\/p>\n<p><span style=\"font-family: arial,helvetica,sans-serif; font-size: small;\">\u00a0<\/span><\/p>\n<p><span style=\"font-size: small; font-family: arial,helvetica,sans-serif;\">Die 88 Verkaufsveranstaltungen waren laut den Veranstaltern zu 90 <span style=\"color: black;\">Prozent ausgelastet und verzeichneten <\/span>64<span style=\"color: black;\">\u02bc<\/span>900 Besucher, 25 der Veranstaltungen waren ausverkauft. <span style=\"color: black;\">Zu den <\/span>24<span style=\"color: black;\"> Gratis-Veranstaltungen kamen <\/span>13<span style=\"color: black;\">\u02bc<\/span>000 Interessierte. <\/span><\/p>\n<p><span style=\"font-size: small; font-family: arial,helvetica,sans-serif;\">\u00a0<\/span><\/p>\n<p><span style=\"font-size: small; font-family: arial,helvetica,sans-serif;\">Die Auslastung der 29 Sinfoniekonzerte betrug durchschnittlich 94 Prozent. F\u00fcr den Erlebnistag am 21. August sind\u00a0 4800 verkauften Karten verkauft worden, zur Gratis-Reihe \u00ab40min\u00bb kamen 4600 Interessierte ins KKL Luzern, das Er\u00f6ffnungskonzert verfolgten insgesamt 1500 Personen beim Public Viewing auf dem Inseli.<\/span><\/p>\n<p><span style=\"font-size: small; font-family: arial,helvetica,sans-serif;\">\u00a0<\/span><\/p>\n<p><span style=\"font-size: small; font-family: arial,helvetica,sans-serif;\">An der diesj\u00e4hrigen Lucerne Festival Academy nahmen 129 Orchestermusiker aus 28 Nationen im Alter zwischen 17 und 32 Jahren, zw\u00f6lf junge Komponisten, f\u00fcnf Nachwuchs-Dirigenten und zw\u00f6lf Alumni teil. Erstmals fand die Akademie unter der Leitung ihres neuen K\u00fcnstlerischen Leiters Wolfgang Rihm statt, der ein neues Composer Seminar ins Leben rief. <\/span><\/p>\n<p><span style=\"font-size: small; font-family: arial,helvetica,sans-serif;\">\u00a0<\/span><\/p>\n<p><span style=\"font-size: small; font-family: arial,helvetica,sans-serif;\">Matthias Pintscher, der neue Principal Conductor der Lucerne Festival Academy, dirigierte die Er\u00f6ffnung mit dem Ensemble intercontemporain und leitete das Akademie-Orchester in einem Programm mit Werken von Gy\u00f6rgy Ligeti, Mark Andre und Igor Strawinsky. <em>(cf)<\/em><br \/><\/span><\/p>\n<p><span style=\"font-family: arial,helvetica,sans-serif; font-size: small;\">\u00a0<\/span><\/p>\n","protected":false},"excerpt":{"rendered":"<p><span style=\"font-family: arial,helvetica,sans-serif; font-size: small;\">12.09.2016 &#8212; 77\u02bc900 Eintritte generierten Besucher aus 49 L\u00e4ndern am diesj\u00e4hrigen Sommer-Festival von Luzern, das \u00fcber vier Wochen und f\u00fcnf Wochenenden unter dem Motto \u00abPrimaDonna\u00bb 88 k\u00fcnstlerische Zahl- und 24 Gratis-Veranstaltungen pr\u00e4sen\u00adtierte.<\/span><\/p>\n","protected":false},"author":1,"featured_media":0,"comment_status":"open","ping_status":"open","sticky":false,"template":"","format":"standard","meta":{"footnotes":""},"categories":[2],"tags":[],"class_list":["post-3010","post","type-post","status-publish","format-standard","hentry","category-nachrichten","entry"],"_links":{"self":[{"href":"https:\/\/codexflores.ch\/index.php\/wp-json\/wp\/v2\/posts\/3010","targetHints":{"allow":["GET"]}}],"collection":[{"href":"https:\/\/codexflores.ch\/index.php\/wp-json\/wp\/v2\/posts"}],"about":[{"href":"https:\/\/codexflores.ch\/index.php\/wp-json\/wp\/v2\/types\/post"}],"author":[{"embeddable":true,"href":"https:\/\/codexflores.ch\/index.php\/wp-json\/wp\/v2\/users\/1"}],"replies":[{"embeddable":true,"href":"https:\/\/codexflores.ch\/index.php\/wp-json\/wp\/v2\/comments?post=3010"}],"version-history":[{"count":0,"href":"https:\/\/codexflores.ch\/index.php\/wp-json\/wp\/v2\/posts\/3010\/revisions"}],"wp:attachment":[{"href":"https:\/\/codexflores.ch\/index.php\/wp-json\/wp\/v2\/media?parent=3010"}],"wp:term":[{"taxonomy":"category","embeddable":true,"href":"https:\/\/codexflores.ch\/index.php\/wp-json\/wp\/v2\/categories?post=3010"},{"taxonomy":"post_tag","embeddable":true,"href":"https:\/\/codexflores.ch\/index.php\/wp-json\/wp\/v2\/tags?post=3010"}],"curies":[{"name":"wp","href":"https:\/\/api.w.org\/{rel}","templated":true}]}}