{"id":3011,"date":"2016-09-12T06:02:57","date_gmt":"2016-09-12T06:02:57","guid":{"rendered":"https:\/\/codexflores.ch\/index.php\/2016\/09\/12\/die-preistraeger-des-65-ard-musikwettbewerbs\/"},"modified":"2016-09-12T06:02:57","modified_gmt":"2016-09-12T06:02:57","slug":"die-preistraeger-des-65-ard-musikwettbewerbs","status":"publish","type":"post","link":"https:\/\/codexflores.ch\/index.php\/2016\/09\/12\/die-preistraeger-des-65-ard-musikwettbewerbs\/","title":{"rendered":"Die Preistr\u00e4ger des 65. ARD-Musikwettbewerbs"},"content":{"rendered":"<p><span style=\"font-family: arial,helvetica,sans-serif; font-size: small;\">12.09.2016 &#8212; Die letzten Preistr\u00e4ger des 65. Internationalen ARD-Musikwettbewerbs sind bestimmt. Beim Finale im Fach Horn im M\u00fcnchner Herkulessaal wurden vier Preise vergeben. Der diesj\u00e4hrige Wettbewerb wurde in den F\u00e4chern Harfe, Kontrabass, Streichquartett und Horn ausgetragen.<\/span><\/p>\n<p><span style=\"font-family: arial,helvetica,sans-serif; font-size: small;\"><strong>12.09.2016 &#8212; Die letzten Preistr\u00e4ger des 65. Internationalen ARD-Musikwettbewerbs sind bestimmt. Beim Finale im Fach Horn im M\u00fcnchner Herkulessaal wurden vier Preise vergeben.\u00a0Der diesj\u00e4hrige Wettbewerb wurde in den F\u00e4chern Harfe, Kontrabass, Streichquartett und Horn ausgetragen.<\/strong><\/span><\/p>\n<p><span style=\"font-family: arial,helvetica,sans-serif; font-size: small;\">\u00a0<\/span><\/p>\n<p><span style=\"font-family: arial,helvetica,sans-serif; font-size: small;\">Zwei 2. Horn-Preise gingen an Marc Gruber aus Deutschland und Kate\u0159ina Jav\u016frkov\u00e1 aus Tschechien. Marc Gruber erhielt auch den Publikumspreis. Auch der 3. Preis wurde zwei Mal vergeben: Die Jury zeichnete die franz\u00f6sischen Hornisten F\u00e9lix Dervaux und Nicolas Ramez aus.<\/span><\/p>\n<p><span style=\"font-family: arial,helvetica,sans-serif; font-size: small;\">\u00a0<\/span><\/p>\n<p><span style=\"font-family: arial,helvetica,sans-serif; font-size: small;\">Im Fach Harfe errang die Franz\u00f6sin Agn\u00e8s Cl\u00e9ment den ersten Preis sowie den Publikumspreis. Der zweite Preis ging an die Franz\u00f6sin Ana\u00efs Gaudemard. Die Japanerin Rino Kageyama wurde mit dem dritten Preis ausgezeichnet. Beim Finale im Fach Kontrabass errang Wies de Boev\u00e9 aus Belgien den ersten Preis sowie den Publikumspreis. Der zweite Preis wurde an Michael Karg aus Deutschland verliehen. Mit dem dritten Preis wurde der Deutsch-\u00d6sterreicher Dominik Wagner ausgezeichnet. <\/span><\/p>\n<p>\u00a0<\/p>\n<p><span style=\"font-family: arial,helvetica,sans-serif; font-size: small;\">Im Fach Streichquartett gewann das Quatuor Arod aus Frankreich den ersten Preis. Der zweite Preis und der Publikumspreis gingen an das Aris Quartett aus Deutschland. Der dritte Preis wurde dem Quartet Amabile aus Japan zugesprochen. <em>(cf)<\/em><\/span><\/p>\n","protected":false},"excerpt":{"rendered":"<p><span style=\"font-family: arial,helvetica,sans-serif; font-size: small;\">12.09.2016 &#8212; Die letzten Preistr\u00e4ger des 65. Internationalen ARD-Musikwettbewerbs sind bestimmt. Beim Finale im Fach Horn im M\u00fcnchner Herkulessaal wurden vier Preise vergeben. Der diesj\u00e4hrige Wettbewerb wurde in den F\u00e4chern Harfe, Kontrabass, Streichquartett und Horn ausgetragen.<\/span><\/p>\n","protected":false},"author":1,"featured_media":0,"comment_status":"open","ping_status":"open","sticky":false,"template":"","format":"standard","meta":{"footnotes":""},"categories":[2],"tags":[],"class_list":["post-3011","post","type-post","status-publish","format-standard","hentry","category-nachrichten","entry"],"_links":{"self":[{"href":"https:\/\/codexflores.ch\/index.php\/wp-json\/wp\/v2\/posts\/3011","targetHints":{"allow":["GET"]}}],"collection":[{"href":"https:\/\/codexflores.ch\/index.php\/wp-json\/wp\/v2\/posts"}],"about":[{"href":"https:\/\/codexflores.ch\/index.php\/wp-json\/wp\/v2\/types\/post"}],"author":[{"embeddable":true,"href":"https:\/\/codexflores.ch\/index.php\/wp-json\/wp\/v2\/users\/1"}],"replies":[{"embeddable":true,"href":"https:\/\/codexflores.ch\/index.php\/wp-json\/wp\/v2\/comments?post=3011"}],"version-history":[{"count":0,"href":"https:\/\/codexflores.ch\/index.php\/wp-json\/wp\/v2\/posts\/3011\/revisions"}],"wp:attachment":[{"href":"https:\/\/codexflores.ch\/index.php\/wp-json\/wp\/v2\/media?parent=3011"}],"wp:term":[{"taxonomy":"category","embeddable":true,"href":"https:\/\/codexflores.ch\/index.php\/wp-json\/wp\/v2\/categories?post=3011"},{"taxonomy":"post_tag","embeddable":true,"href":"https:\/\/codexflores.ch\/index.php\/wp-json\/wp\/v2\/tags?post=3011"}],"curies":[{"name":"wp","href":"https:\/\/api.w.org\/{rel}","templated":true}]}}