{"id":3012,"date":"2016-09-13T05:32:38","date_gmt":"2016-09-13T05:32:38","guid":{"rendered":"https:\/\/codexflores.ch\/index.php\/2016\/09\/13\/bilanz-des-musikfests-stuttgart\/"},"modified":"2016-09-13T05:32:38","modified_gmt":"2016-09-13T05:32:38","slug":"bilanz-des-musikfests-stuttgart","status":"publish","type":"post","link":"https:\/\/codexflores.ch\/index.php\/2016\/09\/13\/bilanz-des-musikfests-stuttgart\/","title":{"rendered":"Bilanz des Musikfests Stuttgart"},"content":{"rendered":"<p><span style=\"font-family: arial,helvetica,sans-serif; font-size: small;\">13.09.2016 &#8212; F\u00fcr die 43 Veranstaltungen an 19 verschiedenen Spielorten des diesj\u00e4hrigen Musikfests Stuttgart standen 18&#8217;279 Karten zur Verf\u00fcgung. Gez\u00e4hlt haben die Veranstalter rund 13&#8217;000 Konzertbesuchende. Die Auslastung lag bei 71 Prozent.<\/span><\/p>\n<p><span style=\"font-family: arial,helvetica,sans-serif; font-size: small;\"><strong>13.09.2016 &#8212; F\u00fcr die 43 Veranstaltungen an 19 verschiedenen Spielorten des diesj\u00e4hrigen Musikfests Stuttgart standen 18&#8217;279 Karten zur Verf\u00fcgung. Gez\u00e4hlt haben die Veranstalter rund 13&#8217;000 Konzertbesuchende. Die Auslastung lag bei 71 Prozent.<\/strong><\/span><\/p>\n<p><span style=\"font-family: arial,helvetica,sans-serif; font-size: small;\">\u00a0<\/span><\/p>\n<p><span style=\"font-family: arial,helvetica,sans-serif; font-size: small;\">Das Er\u00f6ffnungskonzert hatte eine Auslastung von 85 Prozent. Ausverkauft war das \u00abSichten auf Bach\u00bb-Konzert unter der Leitung von Hans-Christoph Rademann. Im vollen barocken Klanggewand traten der Chor und das eben gegr\u00fcndete Barockorchester erstmals mit einem Programm von Johann Sebastian Bach auf. Als klangliches Herzst\u00fcck ist in diesem Konzert auch der Nachbau einer s\u00e4chsischen Truhenorgel aus dem 18. Jahrhundert zum ersten Mal erklungen.<\/span><\/p>\n<p>\u00a0<\/p>\n<p><span style=\"font-family: arial,helvetica,sans-serif; font-size: small;\">Die hauseigenen Ensembles der Internationalen Bachakademie Stuttgart traten mit ihrem Leiter Hans-Christoph Rademann erstmalig unter dem gemeinsamen Namen \u00bbGaechinger Cantorey\u00ab auf. Die historisierte Schreibweise meine sowohl den reformierten Chor wie auch das dazu tretende, neu formierte Barockorchester der Bachakademie, schreiben die Veranstalter.<em> (cf)<\/em><\/span><\/p>\n<p>\u00a0<\/p>\n<p>\u00a0<\/p>\n<p>\u00a0<\/p>\n","protected":false},"excerpt":{"rendered":"<p><span style=\"font-family: arial,helvetica,sans-serif; font-size: small;\">13.09.2016 &#8212; F\u00fcr die 43 Veranstaltungen an 19 verschiedenen Spielorten des diesj\u00e4hrigen Musikfests Stuttgart standen 18&#8217;279 Karten zur Verf\u00fcgung. Gez\u00e4hlt haben die Veranstalter rund 13&#8217;000 Konzertbesuchende. Die Auslastung lag bei 71 Prozent.<\/span><\/p>\n","protected":false},"author":1,"featured_media":0,"comment_status":"open","ping_status":"open","sticky":false,"template":"","format":"standard","meta":{"footnotes":""},"categories":[2],"tags":[],"class_list":["post-3012","post","type-post","status-publish","format-standard","hentry","category-nachrichten","entry"],"_links":{"self":[{"href":"https:\/\/codexflores.ch\/index.php\/wp-json\/wp\/v2\/posts\/3012","targetHints":{"allow":["GET"]}}],"collection":[{"href":"https:\/\/codexflores.ch\/index.php\/wp-json\/wp\/v2\/posts"}],"about":[{"href":"https:\/\/codexflores.ch\/index.php\/wp-json\/wp\/v2\/types\/post"}],"author":[{"embeddable":true,"href":"https:\/\/codexflores.ch\/index.php\/wp-json\/wp\/v2\/users\/1"}],"replies":[{"embeddable":true,"href":"https:\/\/codexflores.ch\/index.php\/wp-json\/wp\/v2\/comments?post=3012"}],"version-history":[{"count":0,"href":"https:\/\/codexflores.ch\/index.php\/wp-json\/wp\/v2\/posts\/3012\/revisions"}],"wp:attachment":[{"href":"https:\/\/codexflores.ch\/index.php\/wp-json\/wp\/v2\/media?parent=3012"}],"wp:term":[{"taxonomy":"category","embeddable":true,"href":"https:\/\/codexflores.ch\/index.php\/wp-json\/wp\/v2\/categories?post=3012"},{"taxonomy":"post_tag","embeddable":true,"href":"https:\/\/codexflores.ch\/index.php\/wp-json\/wp\/v2\/tags?post=3012"}],"curies":[{"name":"wp","href":"https:\/\/api.w.org\/{rel}","templated":true}]}}