{"id":3014,"date":"2016-09-13T05:51:28","date_gmt":"2016-09-13T05:51:28","guid":{"rendered":"https:\/\/codexflores.ch\/index.php\/2016\/09\/13\/luzerner-kantonsrat-versetzt-salle-modulable-den-todesstoss\/"},"modified":"2016-09-13T05:51:28","modified_gmt":"2016-09-13T05:51:28","slug":"luzerner-kantonsrat-versetzt-salle-modulable-den-todesstoss","status":"publish","type":"post","link":"https:\/\/codexflores.ch\/index.php\/2016\/09\/13\/luzerner-kantonsrat-versetzt-salle-modulable-den-todesstoss\/","title":{"rendered":"Luzerner Kantonsrat versetzt Salle Modulable den Todesstoss"},"content":{"rendered":"<p><span style=\"font-family: arial,helvetica,sans-serif; font-size: small;\">13.09.2016 &#8212; Ganz schlechte Nachrichten f\u00fcr die Initianten der Salle Modulable in Luzern. Der Kantonsrat hat nach engagierter Diskussion einen Planungskredit abgelehnt. Das hart umk\u00e4mpfte Projekt d\u00fcrfte damit definitiv vom Tisch sein.<\/span><\/p>\n<p><span style=\"font-family: arial,helvetica,sans-serif; font-size: small;\"><strong>13.09.2016 &#8212; Ganz schlechte Nachrichten f\u00fcr die Initianten der Salle Modulable in Luzern. Der Kantonsrat hat nach engagierter Diskussion einen Planungskredit abgelehnt. Das hart umk\u00e4mpfte Projekt d\u00fcrfte damit definitiv vom Tisch sein.<\/strong><\/span><\/p>\n<p><span style=\"font-family: arial,helvetica,sans-serif; font-size: small;\">\u00a0<\/span><\/p>\n<p><span style=\"font-family: arial,helvetica,sans-serif; font-size: small;\">Der Kredit wurde im Rat mit 62 zu 51 Simmen abgelehnt. Er folgte damit dem Antrag der zust\u00e4ndigen Kommission. Diese erachtete die Salle Modulable r\u00e4umlich und finanziell als zu gross dimensioniert. Sie hatte bezweifelt, dass das geplante neue Theater den Bed\u00fcrfnissen und M\u00f6glichkeiten eines produzierenden Theaters gerecht werden kann. <\/span><\/p>\n<p>\u00a0<\/p>\n<p><span style=\"font-family: arial,helvetica,sans-serif; font-size: small;\">Die Projektanforderungen und der enge Zeitplan seien von den privaten Geldgebern zudem bereits klar vorgegeben und nicht weiter verhandelbar. Das erschwere einen umfassenden Prozess des Einbezugs und sei demokratiepolitisch unbefriedigend. Weiter fehle f\u00fcr ein Projekt dieser Dimension eine positive finanzpolitische Perspektive des Kantons. Die zu erwartenden Mehrkosten seien nicht vereinbar mit den Spar-Entscheidungen, die in letzter Zeit getroffen wurden und noch anstehen. <em>(cf)<\/em><\/span><\/p>\n<p>\u00a0<\/p>\n","protected":false},"excerpt":{"rendered":"<p><span style=\"font-family: arial,helvetica,sans-serif; font-size: small;\">13.09.2016 &#8212; Ganz schlechte Nachrichten f\u00fcr die Initianten der Salle Modulable in Luzern. Der Kantonsrat hat nach engagierter Diskussion einen Planungskredit abgelehnt. Das hart umk\u00e4mpfte Projekt d\u00fcrfte damit definitiv vom Tisch sein.<\/span><\/p>\n","protected":false},"author":1,"featured_media":0,"comment_status":"open","ping_status":"open","sticky":false,"template":"","format":"standard","meta":{"footnotes":""},"categories":[2],"tags":[],"class_list":["post-3014","post","type-post","status-publish","format-standard","hentry","category-nachrichten","entry"],"_links":{"self":[{"href":"https:\/\/codexflores.ch\/index.php\/wp-json\/wp\/v2\/posts\/3014","targetHints":{"allow":["GET"]}}],"collection":[{"href":"https:\/\/codexflores.ch\/index.php\/wp-json\/wp\/v2\/posts"}],"about":[{"href":"https:\/\/codexflores.ch\/index.php\/wp-json\/wp\/v2\/types\/post"}],"author":[{"embeddable":true,"href":"https:\/\/codexflores.ch\/index.php\/wp-json\/wp\/v2\/users\/1"}],"replies":[{"embeddable":true,"href":"https:\/\/codexflores.ch\/index.php\/wp-json\/wp\/v2\/comments?post=3014"}],"version-history":[{"count":0,"href":"https:\/\/codexflores.ch\/index.php\/wp-json\/wp\/v2\/posts\/3014\/revisions"}],"wp:attachment":[{"href":"https:\/\/codexflores.ch\/index.php\/wp-json\/wp\/v2\/media?parent=3014"}],"wp:term":[{"taxonomy":"category","embeddable":true,"href":"https:\/\/codexflores.ch\/index.php\/wp-json\/wp\/v2\/categories?post=3014"},{"taxonomy":"post_tag","embeddable":true,"href":"https:\/\/codexflores.ch\/index.php\/wp-json\/wp\/v2\/tags?post=3014"}],"curies":[{"name":"wp","href":"https:\/\/api.w.org\/{rel}","templated":true}]}}