{"id":3024,"date":"2016-09-22T05:52:39","date_gmt":"2016-09-22T05:52:39","guid":{"rendered":"https:\/\/codexflores.ch\/index.php\/2016\/09\/22\/erstes-konzert-der-deutschen-bundesaerztephilharmoni\/"},"modified":"2016-09-22T05:52:39","modified_gmt":"2016-09-22T05:52:39","slug":"erstes-konzert-der-deutschen-bundesaerztephilharmoni","status":"publish","type":"post","link":"https:\/\/codexflores.ch\/index.php\/2016\/09\/22\/erstes-konzert-der-deutschen-bundesaerztephilharmoni\/","title":{"rendered":"Erstes Konzert der deutschen Bundes\u00e4rztephilharmonie"},"content":{"rendered":"<p><span style=\"font-family: arial,helvetica,sans-serif; font-size: small;\">22.09.2016 &#8212; Die letztes Jahr gegr\u00fcndete deutsche Bundes\u00e4rztephilharmonie realisiert am 3. Oktober in der Hamburger Laeiszhalle ihr Gr\u00fcndungskonzert\u00a0\u2013 mit Werken von Alberic Magnard, Marko Mihevc und Jean Sibelius, zugunsten von \u00c4rzte ohne Grenzen.<\/span><\/p>\n<p><span style=\"font-family: arial,helvetica,sans-serif; font-size: small;\"><strong>22.09.2016 &#8212; Die letztes Jahr gegr\u00fcndete deutsche Bundes\u00e4rztephilharmonie realisiert am 3. Oktober in der Hamburger Laeiszhalle ihr Gr\u00fcndungskonzert\u00a0\u2013 mit Werken von Alberic Magnard, Marko Mihevc und Jean Sibelius, zugunsten von \u00c4rzte ohne Grenzen.<\/strong><\/span><\/p>\n<p>\u00a0<\/p>\n<p><span style=\"font-family: arial,helvetica,sans-serif; font-size: small;\">Die Bundes\u00e4rztephilharmonie besteht fast ausschliesslich aus Musikern aus ganz Deutschland, die im Hauptberuf \u00c4rzte sind. Die einzelnen Mitglieder des circa 70 Personen starken Orchesters spielen in einer Vielzahl von Orchestern in ganz Deutschland und kommen eigens f\u00fcr das Gr\u00fcndungskonzert im Vorfeld nach Hamburg, um gemeinsam zu proben.<\/span><\/p>\n<p>\u00a0<\/p>\n<p><span style=\"font-family: arial,helvetica,sans-serif; font-size: small;\">Das Orchester versteht sich ausdr\u00fccklich nicht als Konkurrenzorchester zu den mittlerweile 26 \u00c4rzteorchestern in Deutschland, sondern als Erg\u00e4nzungsangebot an die Mitwirkenden in diesen Orchestern. Es will vor allem anspruchsvolle, zu Unrecht weniger aufgef\u00fchrte Werke f\u00fcr eine grosse Orchesterbesetzung auf hohem Niveau und mit wechselnden professionellen Dirigenten einstudieren und auff\u00fchren. <\/span><\/p>\n<p>\u00a0<\/p>\n<p><span style=\"font-family: arial,helvetica,sans-serif; font-size: small;\">Der Dirigent des Gr\u00fcndungskonzerts ist J\u00fcrgen Bruns, der als k\u00fcnstlerischer Leiter und Chefdirigent der Kammersymphonie Berlin und Chefdirigent des KOS Ljubljana amtet. <em>(cf)<\/em><\/span><\/p>\n<p><span style=\"font-family: arial,helvetica,sans-serif; font-size: small;\"><em>\u00a0<\/em><\/span><\/p>\n<p><span style=\"font-family: arial,helvetica,sans-serif; font-size: small;\"><strong>Webseite:<\/strong> <a href=\"http:\/\/www.bundes\u00e4rztephilharmonie.de\" target=\"_blank\" rel=\"noopener noreferrer\">www.bundes\u00e4rztephilharmonie.de<\/a><\/span><em><br \/><\/em><\/p>\n","protected":false},"excerpt":{"rendered":"<p><span style=\"font-family: arial,helvetica,sans-serif; font-size: small;\">22.09.2016 &#8212; Die letztes Jahr gegr\u00fcndete deutsche Bundes\u00e4rztephilharmonie realisiert am 3. Oktober in der Hamburger Laeiszhalle ihr Gr\u00fcndungskonzert\u00a0\u2013 mit Werken von Alberic Magnard, Marko Mihevc und Jean Sibelius, zugunsten von \u00c4rzte ohne Grenzen.<\/span><\/p>\n","protected":false},"author":1,"featured_media":0,"comment_status":"open","ping_status":"open","sticky":false,"template":"","format":"standard","meta":{"footnotes":""},"categories":[2],"tags":[],"class_list":["post-3024","post","type-post","status-publish","format-standard","hentry","category-nachrichten","entry"],"_links":{"self":[{"href":"https:\/\/codexflores.ch\/index.php\/wp-json\/wp\/v2\/posts\/3024","targetHints":{"allow":["GET"]}}],"collection":[{"href":"https:\/\/codexflores.ch\/index.php\/wp-json\/wp\/v2\/posts"}],"about":[{"href":"https:\/\/codexflores.ch\/index.php\/wp-json\/wp\/v2\/types\/post"}],"author":[{"embeddable":true,"href":"https:\/\/codexflores.ch\/index.php\/wp-json\/wp\/v2\/users\/1"}],"replies":[{"embeddable":true,"href":"https:\/\/codexflores.ch\/index.php\/wp-json\/wp\/v2\/comments?post=3024"}],"version-history":[{"count":0,"href":"https:\/\/codexflores.ch\/index.php\/wp-json\/wp\/v2\/posts\/3024\/revisions"}],"wp:attachment":[{"href":"https:\/\/codexflores.ch\/index.php\/wp-json\/wp\/v2\/media?parent=3024"}],"wp:term":[{"taxonomy":"category","embeddable":true,"href":"https:\/\/codexflores.ch\/index.php\/wp-json\/wp\/v2\/categories?post=3024"},{"taxonomy":"post_tag","embeddable":true,"href":"https:\/\/codexflores.ch\/index.php\/wp-json\/wp\/v2\/tags?post=3024"}],"curies":[{"name":"wp","href":"https:\/\/api.w.org\/{rel}","templated":true}]}}