{"id":3026,"date":"2016-09-23T06:02:41","date_gmt":"2016-09-23T06:02:41","guid":{"rendered":"https:\/\/codexflores.ch\/index.php\/2016\/09\/23\/spurensuche\/"},"modified":"2016-09-23T06:02:41","modified_gmt":"2016-09-23T06:02:41","slug":"spurensuche","status":"publish","type":"post","link":"https:\/\/codexflores.ch\/index.php\/2016\/09\/23\/spurensuche\/","title":{"rendered":"\u00abSpurensuche\u00bb des Netzwerks Neue Musik BW"},"content":{"rendered":"<p><span style=\"font-family: arial,helvetica,sans-serif; font-size: small;\">23.09.2016 &#8212; Wie wird das Zusammenleben in Zukunft aussehen? Wie wollen wir miteinander umgehen? Gibt es bereits Ans\u00e4tze einer positiven gesellschaftlichen Zukunftsvision? Mit dem Grossprojekt \u00abSpurensuche\u00bb will das Netzwerk Neue Musik BW dazu anregen, diesen Fragen nachzugehen.<\/span><\/p>\n<p><span style=\"font-family: arial,helvetica,sans-serif; font-size: small;\"><strong>23.09.2016 &#8212; Wie wird das Zusammenleben in Zukunft aussehen? Wie wollen wir miteinander umgehen? Gibt es bereits Ans\u00e4tze einer positiven gesellschaftlichen Zukunftsvision? Mit dem Grossprojekt \u00abSpurensuche\u00bb will das Netzwerk Neue Musik BW dazu anregen, diesen Fragen nachzugehen.<\/strong><\/span><\/p>\n<p><span style=\"font-family: arial,helvetica,sans-serif; font-size: small;\">\u00a0<\/span><\/p>\n<p><span style=\"font-family: arial,helvetica,sans-serif; font-size: small;\">In Kooperation mit den Kultur\u00e4mtern vor Ort gehen das Netzwerk und die Bewohner der St\u00e4dte gemeinsam den M\u00f6glichkeiten positiver Zukunftsmodelle nach. Seit mehreren Monaten haben sich daf\u00fcr \u00abStadtkomponistInnen\u00bb mit den lokalen Besonderheiten der St\u00e4dte und ihrer Bev\u00f6lkerung vertraut gemacht und daraus gemeinsam mit Interessierten vor Ort ein musikalisches Projekt entwickelt. <\/span><\/p>\n<p>\u00a0<\/p>\n<p><span style=\"font-family: arial,helvetica,sans-serif; font-size: small;\">Das Ergebnis wird mit Ensembles, Musikschulen und Vereinen vor Ort vorbereitet und in den ersten drei Oktoberwochen im Rahmen eines dreiw\u00f6chigen Grossprojekts pr\u00e4sentiert. Miteinander verbunden werden die Projekte, wie schon bei \u00abNetzwerk mobil\u00bb im Jahr 2014, durch den blauen Netzwerk-Doppeldeckerbus, der sich wieder auf eine musikalischen Reise quer durch das gesamte Bundesland begeben wird, um vor Ort mit musikalischen Performances auf die Projekt-Pr\u00e4sentationen aufmerksam zu machen. <em>(cf)<\/em><\/span><\/p>\n","protected":false},"excerpt":{"rendered":"<p><span style=\"font-family: arial,helvetica,sans-serif; font-size: small;\">23.09.2016 &#8212; Wie wird das Zusammenleben in Zukunft aussehen? Wie wollen wir miteinander umgehen? Gibt es bereits Ans\u00e4tze einer positiven gesellschaftlichen Zukunftsvision? Mit dem Grossprojekt \u00abSpurensuche\u00bb will das Netzwerk Neue Musik BW dazu anregen, diesen Fragen nachzugehen.<\/span><\/p>\n","protected":false},"author":1,"featured_media":0,"comment_status":"open","ping_status":"open","sticky":false,"template":"","format":"standard","meta":{"footnotes":""},"categories":[2],"tags":[],"class_list":["post-3026","post","type-post","status-publish","format-standard","hentry","category-nachrichten","entry"],"_links":{"self":[{"href":"https:\/\/codexflores.ch\/index.php\/wp-json\/wp\/v2\/posts\/3026","targetHints":{"allow":["GET"]}}],"collection":[{"href":"https:\/\/codexflores.ch\/index.php\/wp-json\/wp\/v2\/posts"}],"about":[{"href":"https:\/\/codexflores.ch\/index.php\/wp-json\/wp\/v2\/types\/post"}],"author":[{"embeddable":true,"href":"https:\/\/codexflores.ch\/index.php\/wp-json\/wp\/v2\/users\/1"}],"replies":[{"embeddable":true,"href":"https:\/\/codexflores.ch\/index.php\/wp-json\/wp\/v2\/comments?post=3026"}],"version-history":[{"count":0,"href":"https:\/\/codexflores.ch\/index.php\/wp-json\/wp\/v2\/posts\/3026\/revisions"}],"wp:attachment":[{"href":"https:\/\/codexflores.ch\/index.php\/wp-json\/wp\/v2\/media?parent=3026"}],"wp:term":[{"taxonomy":"category","embeddable":true,"href":"https:\/\/codexflores.ch\/index.php\/wp-json\/wp\/v2\/categories?post=3026"},{"taxonomy":"post_tag","embeddable":true,"href":"https:\/\/codexflores.ch\/index.php\/wp-json\/wp\/v2\/tags?post=3026"}],"curies":[{"name":"wp","href":"https:\/\/api.w.org\/{rel}","templated":true}]}}