{"id":3028,"date":"2016-09-26T05:35:27","date_gmt":"2016-09-26T05:35:27","guid":{"rendered":"https:\/\/codexflores.ch\/index.php\/2016\/09\/26\/braun-mit-ernst-von-schuch-preis-ausgezeichnet\/"},"modified":"2016-09-26T05:35:27","modified_gmt":"2016-09-26T05:35:27","slug":"braun-mit-ernst-von-schuch-preis-ausgezeichnet","status":"publish","type":"post","link":"https:\/\/codexflores.ch\/index.php\/2016\/09\/26\/braun-mit-ernst-von-schuch-preis-ausgezeichnet\/","title":{"rendered":"Braun mit Ernst-von-Schuch-Preis ausgezeichnet"},"content":{"rendered":"<p><span style=\"font-family: arial,helvetica,sans-serif; font-size: small;\">26.09.2016 &#8212; Der Nachwuchsdirigent Johannes Braun, der sein Handwerk unter anderem bei Bernard Haitink im Rahmen der Lucerne Festival Academy erworben hat, ist mit dem mit 2000 Euro dotierten Ernst-von-Schuch-Preis der Familienstiftung Ernst Edler von Schuch ausgezeichnet worden.<\/span><\/p>\n<p><strong><span style=\"font-family: arial,helvetica,sans-serif; font-size: small;\">26.09.2016 &#8212; Der Nachwuchsdirigent Johannes Braun, der sein Handwerk unter anderem bei Bernard Haitink im Rahmen der Lucerne Festival Academy erworben hat, ist mit dem mit 2000 Euro dotierten Ernst-von-Schuch-Preis der Familienstiftung Ernst Edler von Schuch ausgezeichnet worden.<\/span><\/strong><\/p>\n<p><span style=\"font-family: arial,helvetica,sans-serif; font-size: small;\">\u00a0<\/span><\/p>\n<p><span style=\"font-family: arial,helvetica,sans-serif; font-size: small;\">Johannes Braun, ein Stipendiat des deutschen Dirigentenforums, studierte an den Musikhochschule von Karlsruhe und Weimar sowie in Kursen bei Bernard Haitink, bei Mark Heron, Clark Rundell und Johannes Schlaefli. 2012 assistierte er Fran\u00e7ois Xavier Roth beim SWR Sinfonieorchester Baden-Baden\/Freiburg. Im Rahmen der Darmst\u00e4dter Ferienkurse 2014 war er \u00fcberdies Assistent von R\u00fcdiger Bohn beim European Workshop for Contemporary Music.<\/span><\/p>\n<p><span style=\"font-family: arial,helvetica,sans-serif; font-size: small;\">\u00a0<\/span><\/p>\n<p><span style=\"font-family: arial,helvetica,sans-serif; font-size: small;\">Der Preis wird vergeben in Erinnerung an den Dirigenten Ernst Edler von Schuch (1846-1914), der \u00fcber 40 Jahre an der Dresdner Hofoper wirkte und als Generalmusikdirektor die k\u00f6niglich musikalische Kapelle (heutige Staatskapelle) in Dresden leitete. <em>(cf)<\/em><\/span><\/p>\n<p>\u00a0<\/p>\n","protected":false},"excerpt":{"rendered":"<p><span style=\"font-family: arial,helvetica,sans-serif; font-size: small;\">26.09.2016 &#8212; Der Nachwuchsdirigent Johannes Braun, der sein Handwerk unter anderem bei Bernard Haitink im Rahmen der Lucerne Festival Academy erworben hat, ist mit dem mit 2000 Euro dotierten Ernst-von-Schuch-Preis der Familienstiftung Ernst Edler von Schuch ausgezeichnet worden.<\/span><\/p>\n","protected":false},"author":1,"featured_media":0,"comment_status":"open","ping_status":"open","sticky":false,"template":"","format":"standard","meta":{"footnotes":""},"categories":[2],"tags":[],"class_list":["post-3028","post","type-post","status-publish","format-standard","hentry","category-nachrichten","entry"],"_links":{"self":[{"href":"https:\/\/codexflores.ch\/index.php\/wp-json\/wp\/v2\/posts\/3028","targetHints":{"allow":["GET"]}}],"collection":[{"href":"https:\/\/codexflores.ch\/index.php\/wp-json\/wp\/v2\/posts"}],"about":[{"href":"https:\/\/codexflores.ch\/index.php\/wp-json\/wp\/v2\/types\/post"}],"author":[{"embeddable":true,"href":"https:\/\/codexflores.ch\/index.php\/wp-json\/wp\/v2\/users\/1"}],"replies":[{"embeddable":true,"href":"https:\/\/codexflores.ch\/index.php\/wp-json\/wp\/v2\/comments?post=3028"}],"version-history":[{"count":0,"href":"https:\/\/codexflores.ch\/index.php\/wp-json\/wp\/v2\/posts\/3028\/revisions"}],"wp:attachment":[{"href":"https:\/\/codexflores.ch\/index.php\/wp-json\/wp\/v2\/media?parent=3028"}],"wp:term":[{"taxonomy":"category","embeddable":true,"href":"https:\/\/codexflores.ch\/index.php\/wp-json\/wp\/v2\/categories?post=3028"},{"taxonomy":"post_tag","embeddable":true,"href":"https:\/\/codexflores.ch\/index.php\/wp-json\/wp\/v2\/tags?post=3028"}],"curies":[{"name":"wp","href":"https:\/\/api.w.org\/{rel}","templated":true}]}}