{"id":3031,"date":"2016-09-28T05:48:27","date_gmt":"2016-09-28T05:48:27","guid":{"rendered":"https:\/\/codexflores.ch\/index.php\/2016\/09\/28\/straffreie-ode-an-die-freude-gegen-rassismus\/"},"modified":"2016-09-28T05:48:27","modified_gmt":"2016-09-28T05:48:27","slug":"straffreie-ode-an-die-freude-gegen-rassismus","status":"publish","type":"post","link":"https:\/\/codexflores.ch\/index.php\/2016\/09\/28\/straffreie-ode-an-die-freude-gegen-rassismus\/","title":{"rendered":"Straffreie \u00abOde an die Freude\u00bb gegen Rassismus"},"content":{"rendered":"<p><span style=\"font-family: arial,helvetica,sans-serif; font-size: small;\">28.09.2016 &#8212; Die Stadtverwaltung Mainz hat ein Verfahren gegen den Intendanten des Staatstheaters Mainz eingestellt: Eine vom Theaterbalkon gesungene \u00abOde an die Freude\u00bb w\u00e4hrend einer Kundgebung der AfD bleibt juristisch folgenlos.<\/span><\/p>\n<p><span style=\"font-family: arial,helvetica,sans-serif; font-size: small;\"><strong>28.09.2016 &#8212; Die Stadtverwaltung Mainz hat ein Verfahren gegen den Intendanten des Staatstheaters Mainz eingestellt: Eine vom Theaterbalkon gesungene \u00abOde an die Freude\u00bb w\u00e4hrend einer Kundgebung der AfD bleibt juristisch folgenlos.<\/strong><\/span><\/p>\n<p><span style=\"font-family: arial,helvetica,sans-serif; font-size: small;\">\u00a0<\/span><\/p>\n<p><span style=\"font-family: arial,helvetica,sans-serif; font-size: small;\">Das Verfahren war zuvor bereits als strafrechtliches Ermittlungsverfahren durch die Staatsanwaltschaft Mainz gef\u00fchrt und dort eingestellt worden, da der in Frage kommende Straftatbestand nicht erf\u00fcllt war. Dies gelte nun auch f\u00fcr das\u00a0 Ordnungswidrigkeitenverfahren, schreibt die Stadt Mainz. <\/span><\/p>\n<p>\u00a0<\/p>\n<p><span style=\"font-family: arial,helvetica,sans-serif; font-size: small;\">Aus der Sicht der Beh\u00f6rden stellte der Gesang zwar eine St\u00f6rung der AfD-Versammlung durch die Aktion des Staatstheaters dar, allerdings h\u00e4tten der Versammlungsleiter der AfD-Versammlung oder dessen Ordner \u00abdie st\u00f6renden Personen nicht wiederholt zurechtgewiesen und zum Abstellen der St\u00f6rung aufgefordert\u00bb. Die \u00abvon Amts wegen get\u00e4tigten Durchsagen der Polizei k\u00f6nnen diese tatbestandlich geforderten Zurechtweisungen durch den Versammlungsleiter oder dessen Ordner nicht ersetzen\u00bb, so die beh\u00f6rdliche Amtsverlautbarung. <em>(cf)<\/em><\/span><\/p>\n<p>\u00a0<\/p>\n","protected":false},"excerpt":{"rendered":"<p><span style=\"font-family: arial,helvetica,sans-serif; font-size: small;\">28.09.2016 &#8212; Die Stadtverwaltung Mainz hat ein Verfahren gegen den Intendanten des Staatstheaters Mainz eingestellt: Eine vom Theaterbalkon gesungene \u00abOde an die Freude\u00bb w\u00e4hrend einer Kundgebung der AfD bleibt juristisch folgenlos.<\/span><\/p>\n","protected":false},"author":1,"featured_media":0,"comment_status":"open","ping_status":"open","sticky":false,"template":"","format":"standard","meta":{"footnotes":""},"categories":[2],"tags":[],"class_list":["post-3031","post","type-post","status-publish","format-standard","hentry","category-nachrichten","entry"],"_links":{"self":[{"href":"https:\/\/codexflores.ch\/index.php\/wp-json\/wp\/v2\/posts\/3031","targetHints":{"allow":["GET"]}}],"collection":[{"href":"https:\/\/codexflores.ch\/index.php\/wp-json\/wp\/v2\/posts"}],"about":[{"href":"https:\/\/codexflores.ch\/index.php\/wp-json\/wp\/v2\/types\/post"}],"author":[{"embeddable":true,"href":"https:\/\/codexflores.ch\/index.php\/wp-json\/wp\/v2\/users\/1"}],"replies":[{"embeddable":true,"href":"https:\/\/codexflores.ch\/index.php\/wp-json\/wp\/v2\/comments?post=3031"}],"version-history":[{"count":0,"href":"https:\/\/codexflores.ch\/index.php\/wp-json\/wp\/v2\/posts\/3031\/revisions"}],"wp:attachment":[{"href":"https:\/\/codexflores.ch\/index.php\/wp-json\/wp\/v2\/media?parent=3031"}],"wp:term":[{"taxonomy":"category","embeddable":true,"href":"https:\/\/codexflores.ch\/index.php\/wp-json\/wp\/v2\/categories?post=3031"},{"taxonomy":"post_tag","embeddable":true,"href":"https:\/\/codexflores.ch\/index.php\/wp-json\/wp\/v2\/tags?post=3031"}],"curies":[{"name":"wp","href":"https:\/\/api.w.org\/{rel}","templated":true}]}}