{"id":3038,"date":"2016-10-06T05:27:56","date_gmt":"2016-10-06T05:27:56","guid":{"rendered":"https:\/\/codexflores.ch\/index.php\/2016\/10\/06\/ein-akkordeon-fest-in-hannover\/"},"modified":"2016-10-06T05:27:56","modified_gmt":"2016-10-06T05:27:56","slug":"ein-akkordeon-fest-in-hannover","status":"publish","type":"post","link":"https:\/\/codexflores.ch\/index.php\/2016\/10\/06\/ein-akkordeon-fest-in-hannover\/","title":{"rendered":"Ein Akkordeon-Fest in Hannover"},"content":{"rendered":"<p><span style=\"font-family: arial,helvetica,sans-serif; font-size: small;\">06.10.2016 &#8212; Vom 23. bis 27. November 2016 steht Hannover im Banne des Akkordeons und dessen musikalischer Ausdruckskraft in Tango, Kammermusik, Jazz, als Soloinstrument, im Ensemble und mit grossem Orchester.<\/span><\/p>\n<p><span style=\"font-family: arial,helvetica,sans-serif; font-size: small;\"><strong>06.10.2016 &#8212; Vom 23. bis 27. November 2016 steht Hannover im Banne des Akkordeons und dessen musikalischer Ausdruckskraft in Tango, Kammermusik, Jazz, als Soloinstrument, im Ensemble und mit grossem Orchester.<\/strong><\/span><\/p>\n<p><span style=\"font-family: arial,helvetica,sans-serif; font-size: small;\">\u00a0<\/span><\/p>\n<p><span style=\"font-family: arial,helvetica,sans-serif; font-size: small;\">14 Auftragskompositionen, unter anderem von Sofia Gubaidulina, Lera Auerbach und Harald Weiss werden in f\u00fcnf Tagen uraufgef\u00fchrt. Musikalische G\u00e4ste sind beispielsweise Juan Jos\u00e9 Mosalini, Richard Galliano, Nicolas Altstaedt, Vadim Gluzman, die NDR Radiophilharmonie unter Andrew Manze und Enrique Ugarte, das Szymanski Quartett und das Flex Ensemble sowie Lehrende, Studierende und Alumni der Hochschule f\u00fcr Musik, Theater und Medien Hannover (HMTMH).<\/span><\/p>\n<p>\u00a0<\/p>\n<p><span style=\"font-family: arial,helvetica,sans-serif; font-size: small;\">F\u00fcr die k\u00fcnstlerische Leitung des Festes zeichnet Akkordeonistin und Hochschulprofessorin Elsbeth Moser verantwortlich. Sie wird auch selbst mehrfach auf der B\u00fchne zu erleben sein. <em>(cf)<\/em><\/span><\/p>\n<p><span style=\"font-family: arial,helvetica,sans-serif; font-size: small;\"><strong>Mehr Infos:<\/strong> <a href=\"http:\/\/www.akkordeonfest-hannover.de\">www.akkordeonfest-hannover.de<\/a><\/span><\/p>\n","protected":false},"excerpt":{"rendered":"<p><span style=\"font-family: arial,helvetica,sans-serif; font-size: small;\">06.10.2016 &#8212; Vom 23. bis 27. November 2016 steht Hannover im Banne des Akkordeons und dessen musikalischer Ausdruckskraft in Tango, Kammermusik, Jazz, als Soloinstrument, im Ensemble und mit grossem Orchester.<\/span><\/p>\n","protected":false},"author":1,"featured_media":0,"comment_status":"open","ping_status":"open","sticky":false,"template":"","format":"standard","meta":{"footnotes":""},"categories":[2],"tags":[],"class_list":["post-3038","post","type-post","status-publish","format-standard","hentry","category-nachrichten","entry"],"_links":{"self":[{"href":"https:\/\/codexflores.ch\/index.php\/wp-json\/wp\/v2\/posts\/3038","targetHints":{"allow":["GET"]}}],"collection":[{"href":"https:\/\/codexflores.ch\/index.php\/wp-json\/wp\/v2\/posts"}],"about":[{"href":"https:\/\/codexflores.ch\/index.php\/wp-json\/wp\/v2\/types\/post"}],"author":[{"embeddable":true,"href":"https:\/\/codexflores.ch\/index.php\/wp-json\/wp\/v2\/users\/1"}],"replies":[{"embeddable":true,"href":"https:\/\/codexflores.ch\/index.php\/wp-json\/wp\/v2\/comments?post=3038"}],"version-history":[{"count":0,"href":"https:\/\/codexflores.ch\/index.php\/wp-json\/wp\/v2\/posts\/3038\/revisions"}],"wp:attachment":[{"href":"https:\/\/codexflores.ch\/index.php\/wp-json\/wp\/v2\/media?parent=3038"}],"wp:term":[{"taxonomy":"category","embeddable":true,"href":"https:\/\/codexflores.ch\/index.php\/wp-json\/wp\/v2\/categories?post=3038"},{"taxonomy":"post_tag","embeddable":true,"href":"https:\/\/codexflores.ch\/index.php\/wp-json\/wp\/v2\/tags?post=3038"}],"curies":[{"name":"wp","href":"https:\/\/api.w.org\/{rel}","templated":true}]}}