{"id":3042,"date":"2016-10-07T05:58:42","date_gmt":"2016-10-07T05:58:42","guid":{"rendered":"https:\/\/codexflores.ch\/index.php\/2016\/10\/07\/alzheimervereinigung-ehrt-luzerner-sinfonieorchester\/"},"modified":"2016-10-07T05:58:42","modified_gmt":"2016-10-07T05:58:42","slug":"alzheimervereinigung-ehrt-luzerner-sinfonieorchester","status":"publish","type":"post","link":"https:\/\/codexflores.ch\/index.php\/2016\/10\/07\/alzheimervereinigung-ehrt-luzerner-sinfonieorchester\/","title":{"rendered":"Alzheimervereinigung ehrt Luzerner Sinfonieorchester"},"content":{"rendered":"<p><span style=\"font-family: arial,helvetica,sans-serif; font-size: small;\">07.10.2016 &#8212; Die Alzheimervereinigung Luzern w\u00fcrdigt mit ihrem Fokus-Anerkennungspreis das herausragende Engagements zugunsten von Menschen mit Demenz und ihren Angeh\u00f6rigen. Das Luzerner Sinfonieorchester erh\u00e4lt die Auszeichnung f\u00fcr sein Konzertangebot \u00abEnsemble D\u00bb.<\/span><\/p>\n<p><span style=\"font-family: arial,helvetica,sans-serif; font-size: small;\"><strong>07.10.2016 &#8212; Die Alzheimervereinigung Luzern w\u00fcrdigt mit ihrem Fokus-Anerkennungspreis das herausragende Engagements zugunsten von Menschen mit Demenz und ihren Angeh\u00f6rigen. Das Luzerner Sinfonieorchester erh\u00e4lt die Auszeichnung f\u00fcr sein Konzertangebot \u00abEnsemble D\u00bb.<\/strong><\/span><\/p>\n<p><span style=\"font-family: arial,helvetica,sans-serif; font-size: small;\">\u00a0<\/span><\/p>\n<p><span style=\"font-family: arial,helvetica,sans-serif; font-size: small;\">Das Angebot steht seit der Saison 2014\/15 auf dem Spielplan des Orchesters. Es bietet Menschen mit Demenz und ihren Angeh\u00f6rigen die M\u00f6glichkeit, \u00fcber Mittag Konzerte im Konzertsaal des KKL Luzern zu besuchen und in einem gesch\u00fctzten Rahmen darauf eingestimmt zu werden. <\/span><\/p>\n<p><span style=\"font-family: arial,helvetica,sans-serif; font-size: small;\">\u00a0<\/span><\/p>\n<p><span style=\"font-family: arial,helvetica,sans-serif; font-size: small;\">Die Einstimmung vor dem Konzert gew\u00e4hrt Raum f\u00fcr ruhiges Ankommen und vermittelt den Besuchern durch Gespr\u00e4ch und Musik bereits erste ungewohnte Einblicke in die Musikwelt. Eine kleine Mittagsverpflegung im Anschluss sorgt f\u00fcr die n\u00f6tige St\u00e4rkung und Pause vor dem jeweiligen Konzert. Die Konzerte werden sowohl von\u00a0 demenzkranken Menschen als auch weiterem Publikum besucht.<\/span><\/p>\n<p>\u00a0<\/p>\n<p><span style=\"font-family: arial,helvetica,sans-serif; font-size: small;\">Die Verleihung des mit 2000 Franken dotierten Preises findet am 28. Oktober 2016 im Anschluss an das erste \u00abEnsemble D\u00bb der Saison und das Lunchkonzert \u00abVirtuose Harfenkl\u00e4nge\u00bb um 14 Uhr im KKL Luzern statt. <em>(cf)\u00a0<\/em><\/span> <\/p>\n","protected":false},"excerpt":{"rendered":"<p><span style=\"font-family: arial,helvetica,sans-serif; font-size: small;\">07.10.2016 &#8212; Die Alzheimervereinigung Luzern w\u00fcrdigt mit ihrem Fokus-Anerkennungspreis das herausragende Engagements zugunsten von Menschen mit Demenz und ihren Angeh\u00f6rigen. Das Luzerner Sinfonieorchester erh\u00e4lt die Auszeichnung f\u00fcr sein Konzertangebot \u00abEnsemble D\u00bb.<\/span><\/p>\n","protected":false},"author":1,"featured_media":0,"comment_status":"open","ping_status":"open","sticky":false,"template":"","format":"standard","meta":{"footnotes":""},"categories":[2],"tags":[],"class_list":["post-3042","post","type-post","status-publish","format-standard","hentry","category-nachrichten","entry"],"_links":{"self":[{"href":"https:\/\/codexflores.ch\/index.php\/wp-json\/wp\/v2\/posts\/3042","targetHints":{"allow":["GET"]}}],"collection":[{"href":"https:\/\/codexflores.ch\/index.php\/wp-json\/wp\/v2\/posts"}],"about":[{"href":"https:\/\/codexflores.ch\/index.php\/wp-json\/wp\/v2\/types\/post"}],"author":[{"embeddable":true,"href":"https:\/\/codexflores.ch\/index.php\/wp-json\/wp\/v2\/users\/1"}],"replies":[{"embeddable":true,"href":"https:\/\/codexflores.ch\/index.php\/wp-json\/wp\/v2\/comments?post=3042"}],"version-history":[{"count":0,"href":"https:\/\/codexflores.ch\/index.php\/wp-json\/wp\/v2\/posts\/3042\/revisions"}],"wp:attachment":[{"href":"https:\/\/codexflores.ch\/index.php\/wp-json\/wp\/v2\/media?parent=3042"}],"wp:term":[{"taxonomy":"category","embeddable":true,"href":"https:\/\/codexflores.ch\/index.php\/wp-json\/wp\/v2\/categories?post=3042"},{"taxonomy":"post_tag","embeddable":true,"href":"https:\/\/codexflores.ch\/index.php\/wp-json\/wp\/v2\/tags?post=3042"}],"curies":[{"name":"wp","href":"https:\/\/api.w.org\/{rel}","templated":true}]}}