{"id":3043,"date":"2016-10-10T05:34:35","date_gmt":"2016-10-10T05:34:35","guid":{"rendered":"https:\/\/codexflores.ch\/index.php\/2016\/10\/10\/beethovenfest-bonn-2016-die-bilanz\/"},"modified":"2016-10-10T05:34:35","modified_gmt":"2016-10-10T05:34:35","slug":"beethovenfest-bonn-2016-die-bilanz","status":"publish","type":"post","link":"https:\/\/codexflores.ch\/index.php\/2016\/10\/10\/beethovenfest-bonn-2016-die-bilanz\/","title":{"rendered":"Beethovenfest Bonn 2016 \u2013 die Bilanz"},"content":{"rendered":"<p><span style=\"font-family: arial,helvetica,sans-serif; font-size: small;\">10.10.2016 &#8212; Mit \u00fcber 25&#8217;000 verkauften Karten und einer durchschnittlichen Auslastung von etwa 70 Prozent weist das Beethovenfest Bonn 2016 eine \u00abwirtschaftlich solide\u00bb Bilanz aus. Ausverkauft waren \u00fcber 20 der insgesamt 59 Konzerte.<\/span><\/p>\n<p><span style=\"font-family: arial,helvetica,sans-serif; font-size: small;\"><strong>10.10.2016 &#8212; Mit \u00fcber 25&#8217;000 verkauften Karten und einer durchschnittlichen Auslastung von etwa 70 Prozent weist das Beethovenfest Bonn 2016 eine \u00abwirtschaftlich solide\u00bb Bilanz aus. Ausverkauft waren \u00fcber 20 der insgesamt 59 Konzerte.<\/strong><\/span><\/p>\n<p><span style=\"font-family: arial,helvetica,sans-serif; font-size: small;\">\u00a0<\/span><\/p>\n<p><span style=\"font-family: arial,helvetica,sans-serif; font-size: small;\">Das Budget des Festes betr\u00e4gt rund 4,5 Millionen Euro; 41 Prozent davon sind Ertr\u00e4ge aus \u00f6ffentlichen Zuwendungen (Stadt Bonn, Rhein-Sieg-Kreis); Projektf\u00f6rderungen durch Land Nordrhein-Westfalen. Die restlichen Mittel werden durch die Gesellschaft eingeworben (Sponsoren, Stiftungen, Spenden, Verkauf von Eintrittskarten, Medienverwertung).\u00a0<\/span><\/p>\n<p><span style=\"font-family: arial,helvetica,sans-serif; font-size: small;\">\u00a0<\/span><\/p>\n<p><span style=\"font-family: arial,helvetica,sans-serif; font-size: small;\">Das Motto des Beethovenfestes 2017 ist bereits bekannt: \u00abDie ferne Geliebte\u00bb. Mit Bezug auf den von Beethoven stammenden ersten Liederzyklus der Musikgeschichte stimmt die k\u00fcnstlerische Leiterin Nike Wagner nach \u00abVer\u00e4nderungen\u00bb und \u00abRevolutionen\u00bb auf eine andere, eher lyrische Tonalit\u00e4t ein. Das Beethovenfest Bonn 2017 findet vom 8. September bis 1. Oktober 2017 statt. <em>(cf)<\/em><\/span><\/p>\n","protected":false},"excerpt":{"rendered":"<p><span style=\"font-family: arial,helvetica,sans-serif; font-size: small;\">10.10.2016 &#8212; Mit \u00fcber 25&#8217;000 verkauften Karten und einer durchschnittlichen Auslastung von etwa 70 Prozent weist das Beethovenfest Bonn 2016 eine \u00abwirtschaftlich solide\u00bb Bilanz aus. Ausverkauft waren \u00fcber 20 der insgesamt 59 Konzerte.<\/span><\/p>\n","protected":false},"author":1,"featured_media":0,"comment_status":"open","ping_status":"open","sticky":false,"template":"","format":"standard","meta":{"footnotes":""},"categories":[2],"tags":[],"class_list":["post-3043","post","type-post","status-publish","format-standard","hentry","category-nachrichten","entry"],"_links":{"self":[{"href":"https:\/\/codexflores.ch\/index.php\/wp-json\/wp\/v2\/posts\/3043","targetHints":{"allow":["GET"]}}],"collection":[{"href":"https:\/\/codexflores.ch\/index.php\/wp-json\/wp\/v2\/posts"}],"about":[{"href":"https:\/\/codexflores.ch\/index.php\/wp-json\/wp\/v2\/types\/post"}],"author":[{"embeddable":true,"href":"https:\/\/codexflores.ch\/index.php\/wp-json\/wp\/v2\/users\/1"}],"replies":[{"embeddable":true,"href":"https:\/\/codexflores.ch\/index.php\/wp-json\/wp\/v2\/comments?post=3043"}],"version-history":[{"count":0,"href":"https:\/\/codexflores.ch\/index.php\/wp-json\/wp\/v2\/posts\/3043\/revisions"}],"wp:attachment":[{"href":"https:\/\/codexflores.ch\/index.php\/wp-json\/wp\/v2\/media?parent=3043"}],"wp:term":[{"taxonomy":"category","embeddable":true,"href":"https:\/\/codexflores.ch\/index.php\/wp-json\/wp\/v2\/categories?post=3043"},{"taxonomy":"post_tag","embeddable":true,"href":"https:\/\/codexflores.ch\/index.php\/wp-json\/wp\/v2\/tags?post=3043"}],"curies":[{"name":"wp","href":"https:\/\/api.w.org\/{rel}","templated":true}]}}