{"id":3045,"date":"2016-10-10T05:47:34","date_gmt":"2016-10-10T05:47:34","guid":{"rendered":"https:\/\/codexflores.ch\/index.php\/2016\/10\/10\/sol-gabette-instrumentalistin-des-jahres\/"},"modified":"2016-10-10T05:47:34","modified_gmt":"2016-10-10T05:47:34","slug":"sol-gabette-instrumentalistin-des-jahres","status":"publish","type":"post","link":"https:\/\/codexflores.ch\/index.php\/2016\/10\/10\/sol-gabette-instrumentalistin-des-jahres\/","title":{"rendered":"Sol Gabetta Instrumentalistin des Jahres"},"content":{"rendered":"<p><span style=\"font-family: arial,helvetica,sans-serif; font-size: small;\">10.10.2016 &#8212; Die Wahlaargauerin Sol Gabetta ist im Rahmen der Verleihung der Echo-Klassik-Preises zur Instrumentalistin des Jahres gek\u00fcrt worden. Schweizer sucht man in der Preisliste sonst weitgehend vergebens.<\/span><\/p>\n<p><span style=\"font-family: arial,helvetica,sans-serif; font-size: small;\"><strong>10.10.2016 &#8212; Die Wahlaargauerin Sol Gabetta ist im Rahmen der Verleihung der Echo-Klassik-Preises zur Instrumentalistin des Jahres gek\u00fcrt worden. Schweizer sucht man in der Preisliste sonst weitgehend vergebens.<\/strong><\/span><\/p>\n<p><span style=\"font-family: arial,helvetica,sans-serif; font-size: small;\">\u00a0<\/span><\/p>\n<p><span style=\"font-family: arial,helvetica,sans-serif; font-size: small;\">Insgesamt wurde der Echo Klassik 2016 in 22 Kategorien verliehen. Zu den Preistr\u00e4gern geh\u00f6ren Anna Netrebko (S\u00e4ngerin des Jahres), Andrea Bocelli (Klassik ohne Grenzen), Philippe Jaroussky (S\u00e4nger des Jahres), der Geiger Pinchas Zukerman und die Sopranistin Olga Peretyatko. F\u00fcr die Einspielung einer neuen, multimedial angelegten Version von Prokofjews \u00abPeter und der Wolf\u00bb wurden zudem Rocks\u00e4nger Campino von der Band Die Toten Hosen und das Bundesjugendorchester unter der Leitung von Alexander Shelley geehrt. <\/span><\/p>\n<p>\u00a0<\/p>\n<p><span style=\"font-family: arial,helvetica,sans-serif; font-size: small;\">Eine posthume Auszeichnung ging an den im M\u00e4rz verstorbenen Dirigenten Nikolaus Harnoncourt und das Orchester Concentus Musicus Wien. Zu den ausgezeichneten Nachwuchsk\u00fcnstlern geh\u00f6ren neben Asya Fateyeva auch Andr\u00e8 Schuen, Aurelia Shimkus, Edgar Moreau und Yury Revich. <em>(cf)<\/em><\/span><\/p>\n<p><span style=\"font-family: arial,helvetica,sans-serif; font-size: small;\">\u00a0<\/span><\/p>\n<p>\u00a0<\/p>\n","protected":false},"excerpt":{"rendered":"<p><span style=\"font-family: arial,helvetica,sans-serif; font-size: small;\">10.10.2016 &#8212; Die Wahlaargauerin Sol Gabetta ist im Rahmen der Verleihung der Echo-Klassik-Preises zur Instrumentalistin des Jahres gek\u00fcrt worden. Schweizer sucht man in der Preisliste sonst weitgehend vergebens.<\/span><\/p>\n","protected":false},"author":1,"featured_media":0,"comment_status":"open","ping_status":"open","sticky":false,"template":"","format":"standard","meta":{"footnotes":""},"categories":[2],"tags":[],"class_list":["post-3045","post","type-post","status-publish","format-standard","hentry","category-nachrichten","entry"],"_links":{"self":[{"href":"https:\/\/codexflores.ch\/index.php\/wp-json\/wp\/v2\/posts\/3045","targetHints":{"allow":["GET"]}}],"collection":[{"href":"https:\/\/codexflores.ch\/index.php\/wp-json\/wp\/v2\/posts"}],"about":[{"href":"https:\/\/codexflores.ch\/index.php\/wp-json\/wp\/v2\/types\/post"}],"author":[{"embeddable":true,"href":"https:\/\/codexflores.ch\/index.php\/wp-json\/wp\/v2\/users\/1"}],"replies":[{"embeddable":true,"href":"https:\/\/codexflores.ch\/index.php\/wp-json\/wp\/v2\/comments?post=3045"}],"version-history":[{"count":0,"href":"https:\/\/codexflores.ch\/index.php\/wp-json\/wp\/v2\/posts\/3045\/revisions"}],"wp:attachment":[{"href":"https:\/\/codexflores.ch\/index.php\/wp-json\/wp\/v2\/media?parent=3045"}],"wp:term":[{"taxonomy":"category","embeddable":true,"href":"https:\/\/codexflores.ch\/index.php\/wp-json\/wp\/v2\/categories?post=3045"},{"taxonomy":"post_tag","embeddable":true,"href":"https:\/\/codexflores.ch\/index.php\/wp-json\/wp\/v2\/tags?post=3045"}],"curies":[{"name":"wp","href":"https:\/\/api.w.org\/{rel}","templated":true}]}}