{"id":3057,"date":"2016-10-19T05:49:56","date_gmt":"2016-10-19T05:49:56","guid":{"rendered":"https:\/\/codexflores.ch\/index.php\/2016\/10\/19\/fischer-verlaesst-konzerthaus-berlin-2018\/"},"modified":"2016-10-19T05:49:56","modified_gmt":"2016-10-19T05:49:56","slug":"fischer-verlaesst-konzerthaus-berlin-2018","status":"publish","type":"post","link":"https:\/\/codexflores.ch\/index.php\/2016\/10\/19\/fischer-verlaesst-konzerthaus-berlin-2018\/","title":{"rendered":"Fischer verl\u00e4sst Konzerthaus Berlin 2018"},"content":{"rendered":"<p><span style=\"font-family: arial,helvetica,sans-serif; font-size: small;\">19.10.2016 &#8212; Iv\u00e1n Fischer hat angek\u00fcndigt, dass er seinen Vertrag als Chefdirigent und K\u00fcnstlerischer Leiter des Konzerthausorchesters Berlin, der mit Ablauf der Saison 2017\/18 endet, nicht verl\u00e4ngern wird.<\/span><\/p>\n<p><span style=\"font-family: arial,helvetica,sans-serif; font-size: small;\"><strong>19.10.2016 &#8212; Iv\u00e1n Fischer hat angek\u00fcndigt, dass er seinen Vertrag als Chefdirigent und K\u00fcnstlerischer Leiter des Konzerthausorchesters Berlin, der mit Ablauf der Saison 2017\/18 endet, nicht verl\u00e4ngern wird.<\/strong><\/span><\/p>\n<p><span style=\"font-family: arial,helvetica,sans-serif; font-size: small;\">\u00a0<\/span><\/p>\n<p><span style=\"font-family: arial,helvetica,sans-serif; font-size: small;\">Dem Orchester und dem Konzerthaus Berlin wird er \u00fcber das Ende seiner Vertragslaufzeit hinaus als Ehrendirigent verbunden bleiben und ab 2018 vier Programme pro Saison leiten. \u00a0<\/span><\/p>\n<p><span style=\"font-family: arial,helvetica,sans-serif; font-size: small;\">\u00a0<\/span><\/p>\n<p><span style=\"font-family: arial,helvetica,sans-serif; font-size: small;\">In einem pers\u00f6nlichen Stateme<\/span><span style=\"font-family: arial,helvetica,sans-serif; font-size: small;\">n<\/span><span style=\"font-family: arial,helvetica,sans-serif; font-size: small;\">t erkl\u00e4rt Fischer, dass er seine Dirigiert\u00e4tigkeit reduzieren wolle, da er mehr Zeit zum Komponieren ben\u00f6tige. Daher k\u00f6nne er die Chefdirigenten-Aufgabe nicht fortsetzen. Er werde dem Konzerthaus und dem Konzerthausorchester aber verbunden bleiben. <em>(cf)\u00a0<\/em><\/span><\/p>\n","protected":false},"excerpt":{"rendered":"<p><span style=\"font-family: arial,helvetica,sans-serif; font-size: small;\">19.10.2016 &#8212; Iv\u00e1n Fischer hat angek\u00fcndigt, dass er seinen Vertrag als Chefdirigent und K\u00fcnstlerischer Leiter des Konzerthausorchesters Berlin, der mit Ablauf der Saison 2017\/18 endet, nicht verl\u00e4ngern wird.<\/span><\/p>\n","protected":false},"author":1,"featured_media":0,"comment_status":"open","ping_status":"open","sticky":false,"template":"","format":"standard","meta":{"footnotes":""},"categories":[2],"tags":[],"class_list":["post-3057","post","type-post","status-publish","format-standard","hentry","category-nachrichten","entry"],"_links":{"self":[{"href":"https:\/\/codexflores.ch\/index.php\/wp-json\/wp\/v2\/posts\/3057","targetHints":{"allow":["GET"]}}],"collection":[{"href":"https:\/\/codexflores.ch\/index.php\/wp-json\/wp\/v2\/posts"}],"about":[{"href":"https:\/\/codexflores.ch\/index.php\/wp-json\/wp\/v2\/types\/post"}],"author":[{"embeddable":true,"href":"https:\/\/codexflores.ch\/index.php\/wp-json\/wp\/v2\/users\/1"}],"replies":[{"embeddable":true,"href":"https:\/\/codexflores.ch\/index.php\/wp-json\/wp\/v2\/comments?post=3057"}],"version-history":[{"count":0,"href":"https:\/\/codexflores.ch\/index.php\/wp-json\/wp\/v2\/posts\/3057\/revisions"}],"wp:attachment":[{"href":"https:\/\/codexflores.ch\/index.php\/wp-json\/wp\/v2\/media?parent=3057"}],"wp:term":[{"taxonomy":"category","embeddable":true,"href":"https:\/\/codexflores.ch\/index.php\/wp-json\/wp\/v2\/categories?post=3057"},{"taxonomy":"post_tag","embeddable":true,"href":"https:\/\/codexflores.ch\/index.php\/wp-json\/wp\/v2\/tags?post=3057"}],"curies":[{"name":"wp","href":"https:\/\/api.w.org\/{rel}","templated":true}]}}