{"id":306,"date":"2014-01-11T07:48:04","date_gmt":"2014-01-11T07:48:04","guid":{"rendered":"https:\/\/codexflores.ch\/index.php\/2014\/01\/11\/unwort-des-jahres-kultur\/"},"modified":"2014-01-11T07:48:04","modified_gmt":"2014-01-11T07:48:04","slug":"unwort-des-jahres-kultur","status":"publish","type":"post","link":"https:\/\/codexflores.ch\/index.php\/2014\/01\/11\/unwort-des-jahres-kultur\/","title":{"rendered":"Unwort des Jahres: \u00abKultur\u00bb"},"content":{"rendered":"<p><center><em>Von Wolfgang B\u00f6hler<\/em><\/center> <\/p>\n<p><span class=\"txt-m-black\"><span class=\"txt-m-black\">\u00a0<\/span><\/span><\/p>\n<table align=\"left\">\n<tbody>\n<tr>\n<td width=\"70\"><img decoding=\"async\" src=\"http:\/\/212.60.37.143\/bilder\/kolumnewb.jpg\" border=\"0\" \/><\/td>\n<\/tr>\n<\/tbody>\n<\/table>\n<p><span class=\"txt-m-black\">27.12.2004 &#8212; Kultur und Politik haben im Sprachgebrauch der aktuellen Gesellschaftswissenschaften etwas gemeinsam: Sie decken beide denselben Ausschnitt aus der Welt ab, n\u00e4mlich alles. Man kann blind auf irgendeinen Sachverhalt oder ein Ding tippen (auf den Sachverhalt nat\u00fcrlich bloss metaphorisch). Dann behauptet man, es sei Kultur respektive Politik und schon hat man gepunktet. Kopfweh des morgens ist genauso Politik wie eine Rauchpetarde auf einem Fussballfeld Kultur. Daf\u00fcr gibt es auch kreative und plausibel wirkende Rechtfertigungen: Kopfschmerz kann zum Beispiel als psychosomatische Reaktion auf das h\u00e4rter gewordene soziale Klima erkl\u00e4rt werden, die Rauchpetarde als Akt der Auflehnung gegen die Vermarktung des Sportgedankens und damit eben als k\u00fcnstlerische Aussage.<\/p>\n<p> Derartige Begr\u00fcndungen finden ist ein wunderbares Gesellschaftsspiel f\u00fcr langweilige Winterabende&#8230; Der Schnee \u2013 Industrieschnee? \u2013 Politik, weil Indikator der Umweltverschmutzung. Kultur, da Symbol der Unschuld und der Vergebung. Zumindest bis zur Schmelze im Fr\u00fchling. <\/p>\n<p> \u00dcber Politik wollen wir uns hier nicht weiter verbreiten, stellt sich Codex flores da doch auf einen neutralen Standpunkt (das Paradox, dass dies bereits eine politische Stellungnahme ist \u2013 weil ja alles Politik ist \u2013, lassen wir mal beiseite). Widmen wir uns also ausschliesslich der Kultur: Die im Bem\u00fchen um gesellschaftliche Relevanz an sich l\u00f6bliche Ausweitung des Kunstbegriffes hat fatalerweise zum Gegenteil dessen gef\u00fchrt, was urspr\u00fcnglich beabsichtigt worden ist: Statt dem Alltag den Warencharakter zu nehmen, hat der erweiterte Kulturbegriff dem Merkantilen die Kunst ans Messer geliefert. Sie ist zum Handelsgut und Designobjekt reduziert worden. Zenbuddhistische Authentizit\u00e4t verwandelt sie in ausgekl\u00fcgeltes japanisches Design, Philosophie in eitle Essayistik in Hochglanzpostillen, Malerei in Geldanlagen.<\/p>\n<p> Als \u00abdie Kreativen\u00bb verstehen sich heute ja ironischerweise die Werber. Die Kulturpublizisten wiederum sind \u2013 m\u00f6glicherweise aus Rache f\u00fcr die Usurpation \u2013 zu Sachverst\u00e4ndigen f\u00fcr alles und jedes mutiert: Der Literaturkritiker schreibt \u00fcber Wahlen in Osteuropa, der Filmspezialist \u00fcber das drohende Abreissen des Golfstromes, der Theater-Kolumnist \u00fcber die Auswirkungen der Frauenbewegung auf die Nanotechnik \u2013 das vulg\u00e4re Schreiben \u00fcber einen Film, ein Buch oder ein neues Theaterst\u00fcck, insofern einfach Kunstobjekt, \u00fcberl\u00e4sst man dem Volont\u00e4r. <\/p>\n<p> \u00abCeci n\u2019est pas une pipe\u00bb schrieb Magritte einst \u2013 scheinbar absurd, aber logisch v\u00f6llig korrekt \u2013 unter die Abbildung einer Pfeife. Wenn wir nun behaupten, dass Codex flores kein Kulturmagazin ist, dann ist dies eingedenk der eingangs ge\u00e4usserten Beobachtung \u00fcber die Benutzung des Begriffes der Kultur zwar ein logischer Widerspruch. Es ist aber gerade deshalb weitaus subversiver als manche Attit\u00fcde des Ausbrechens aus traditionellen Kategorisierungen der Kunst. Weil es einer strikten Weigerung gleichkommt, im Zirkus der designten Beliebigkeit mitzuturnen. <\/span> <span class=\"txt-m-black\">(<em>wb<\/em>)<\/span><\/p>\n<p> <center> <\/p>\n<table style=\"width: 420px;\" summary=\"linie\" border=\"0\" cellspacing=\"0\" cellpadding=\"0\">\n<tbody>\n<tr>\n<td colspan=\"9\" bgcolor=\"#666666\" height=\"1\"><img loading=\"lazy\" decoding=\"async\" src=\"http:\/\/212.60.37.143\/grafiken\/dbrown1x1.gif\" border=\"0\" width=\"1\" height=\"1\" \/><\/td>\n<\/tr>\n<\/tbody>\n<\/table>\n<p> <\/center> <\/p>\n<p><span class=\"txt-s-black\">Der Wissenschaftstheoretiker und Musikpublizist Wolfgang B\u00f6hler ist Produzent von Worldmusic- und Kammerjazz-Projekten und Chefredaktor des Codex flores Onlinemagazins<\/span><\/p>\n","protected":false},"excerpt":{"rendered":"<p>Von Wolfgang B\u00f6hler \u00a0 27.12.2004 &#8212; Kultur und Politik haben im Sprachgebrauch der aktuellen Gesellschaftswissenschaften etwas gemeinsam: Sie decken beide&#8230;<\/p>\n","protected":false},"author":1,"featured_media":0,"comment_status":"open","ping_status":"open","sticky":false,"template":"","format":"standard","meta":{"footnotes":""},"categories":[5],"tags":[],"class_list":["post-306","post","type-post","status-publish","format-standard","hentry","category-editorials","entry"],"_links":{"self":[{"href":"https:\/\/codexflores.ch\/index.php\/wp-json\/wp\/v2\/posts\/306","targetHints":{"allow":["GET"]}}],"collection":[{"href":"https:\/\/codexflores.ch\/index.php\/wp-json\/wp\/v2\/posts"}],"about":[{"href":"https:\/\/codexflores.ch\/index.php\/wp-json\/wp\/v2\/types\/post"}],"author":[{"embeddable":true,"href":"https:\/\/codexflores.ch\/index.php\/wp-json\/wp\/v2\/users\/1"}],"replies":[{"embeddable":true,"href":"https:\/\/codexflores.ch\/index.php\/wp-json\/wp\/v2\/comments?post=306"}],"version-history":[{"count":0,"href":"https:\/\/codexflores.ch\/index.php\/wp-json\/wp\/v2\/posts\/306\/revisions"}],"wp:attachment":[{"href":"https:\/\/codexflores.ch\/index.php\/wp-json\/wp\/v2\/media?parent=306"}],"wp:term":[{"taxonomy":"category","embeddable":true,"href":"https:\/\/codexflores.ch\/index.php\/wp-json\/wp\/v2\/categories?post=306"},{"taxonomy":"post_tag","embeddable":true,"href":"https:\/\/codexflores.ch\/index.php\/wp-json\/wp\/v2\/tags?post=306"}],"curies":[{"name":"wp","href":"https:\/\/api.w.org\/{rel}","templated":true}]}}