{"id":3060,"date":"2016-10-20T06:16:16","date_gmt":"2016-10-20T06:16:16","guid":{"rendered":"https:\/\/codexflores.ch\/index.php\/2016\/10\/20\/stephen-mcholm-leitet-verbier-festival-academy\/"},"modified":"2016-10-20T06:16:16","modified_gmt":"2016-10-20T06:16:16","slug":"stephen-mcholm-leitet-verbier-festival-academy","status":"publish","type":"post","link":"https:\/\/codexflores.ch\/index.php\/2016\/10\/20\/stephen-mcholm-leitet-verbier-festival-academy\/","title":{"rendered":"Stephen McHolm leitet Verbier Festival Academy"},"content":{"rendered":"<p><span style=\"font-family: arial,helvetica,sans-serif; font-size: small;\">20.10.2016 &#8212; Wie das Verbier Fetival mitteilt, wird Stephen McHolm per 1. Dezember dieses Jahres Leiter der Verbier Festival Academy (VFA) und der entsprechenden Sonderprojekte. McHolm tritt die Nachfolge von Christian Thompson an.<\/span><\/p>\n<p><span style=\"font-family: arial,helvetica,sans-serif; font-size: small;\"><strong>20.10.2016 &#8212; Wie das Verbier Fetival mitteilt, wird Stephen McHolm per 1. Dezember dieses Jahres Leiter der Verbier Festival Academy (VFA) und der entsprechenden Sonderprojekte. McHolm tritt die Nachfolge von Christian Thompson an.<\/strong><\/span><\/p>\n<p>\u00a0<\/p>\n<p><span style=\"font-family: arial,helvetica,sans-serif; font-size: small;\">Als k\u00fcnstlerischer und administrativer Leiter der internationalen Honens Piano Competition in Calgary hat Stephen McHolm dort seit 2004 den Wettbewerb geleitet, ein Festival und allj\u00e4hrliche Kammermusikkonzerte organisiert sowie musikalische Ausbildungsprogramme in den kanadischen Gemeinden initiiert. Zwei der drei letzten Preistr\u00e4ger beim Honens-Wettbewerb waren ehemalige Sch\u00fcler der Verbier Festival Academy.<\/span><\/p>\n<p>\u00a0<\/p>\n<p><span style=\"font-family: arial,helvetica,sans-serif; font-size: small;\">Stephen McHolm tritt die Nachfolge von Christian Thompson an, der die Verbier Festival Academy in den letzten zw\u00f6lf Jahren geformt hat. Die VFA gr\u00fcnde ihren guten Ruf \u00abauf ihre Verpflichtung gegen\u00fcber Erstklassigkeit und Kreativit\u00e4t, einen aussergew\u00f6hnlichen Lehrk\u00f6rper und einen vision\u00e4ren Ansatz, wenn es darum geht, wie sich junge Musiker im 21. Jahrhundert eine Karriere aufbauen k\u00f6nnen\u00bb, charakterisiert sich die Institution selber. <em>(cf)<\/em><\/span><\/p>\n<p>\u00a0<\/p>\n","protected":false},"excerpt":{"rendered":"<p><span style=\"font-family: arial,helvetica,sans-serif; font-size: small;\">20.10.2016 &#8212; Wie das Verbier Fetival mitteilt, wird Stephen McHolm per 1. Dezember dieses Jahres Leiter der Verbier Festival Academy (VFA) und der entsprechenden Sonderprojekte. McHolm tritt die Nachfolge von Christian Thompson an.<\/span><\/p>\n","protected":false},"author":1,"featured_media":0,"comment_status":"open","ping_status":"open","sticky":false,"template":"","format":"standard","meta":{"footnotes":""},"categories":[2],"tags":[],"class_list":["post-3060","post","type-post","status-publish","format-standard","hentry","category-nachrichten","entry"],"_links":{"self":[{"href":"https:\/\/codexflores.ch\/index.php\/wp-json\/wp\/v2\/posts\/3060","targetHints":{"allow":["GET"]}}],"collection":[{"href":"https:\/\/codexflores.ch\/index.php\/wp-json\/wp\/v2\/posts"}],"about":[{"href":"https:\/\/codexflores.ch\/index.php\/wp-json\/wp\/v2\/types\/post"}],"author":[{"embeddable":true,"href":"https:\/\/codexflores.ch\/index.php\/wp-json\/wp\/v2\/users\/1"}],"replies":[{"embeddable":true,"href":"https:\/\/codexflores.ch\/index.php\/wp-json\/wp\/v2\/comments?post=3060"}],"version-history":[{"count":0,"href":"https:\/\/codexflores.ch\/index.php\/wp-json\/wp\/v2\/posts\/3060\/revisions"}],"wp:attachment":[{"href":"https:\/\/codexflores.ch\/index.php\/wp-json\/wp\/v2\/media?parent=3060"}],"wp:term":[{"taxonomy":"category","embeddable":true,"href":"https:\/\/codexflores.ch\/index.php\/wp-json\/wp\/v2\/categories?post=3060"},{"taxonomy":"post_tag","embeddable":true,"href":"https:\/\/codexflores.ch\/index.php\/wp-json\/wp\/v2\/tags?post=3060"}],"curies":[{"name":"wp","href":"https:\/\/api.w.org\/{rel}","templated":true}]}}