{"id":3061,"date":"2016-10-24T05:53:20","date_gmt":"2016-10-24T05:53:20","guid":{"rendered":"https:\/\/codexflores.ch\/index.php\/2016\/10\/24\/engstroem-distanziert-sich-von-orchestre-de-la-suisse-romande\/"},"modified":"2016-10-24T05:53:20","modified_gmt":"2016-10-24T05:53:20","slug":"engstroem-distanziert-sich-von-orchestre-de-la-suisse-romande","status":"publish","type":"post","link":"https:\/\/codexflores.ch\/index.php\/2016\/10\/24\/engstroem-distanziert-sich-von-orchestre-de-la-suisse-romande\/","title":{"rendered":"Engstroem distanziert sich von Orchestre de la Suisse Romande"},"content":{"rendered":"<p><span style=\"font-family: arial,helvetica,sans-serif; font-size: small;\">24.10.2016 &#8212; Martin Engstroem, der Leiter des Verbier Festivals, ist laut einer Meldung des Fachmagazins\u00a0\u00abPizzicato\u00bb aus Unzufriedenheit \u00fcber die F\u00fchrung des Ensembles aus dem Kuratorium des Orchestre de la Suisse Romande (OSR) ausgetreten.<\/span><\/p>\n<p><span style=\"font-family: arial,helvetica,sans-serif; font-size: small;\"><strong>24.10.2016 &#8212; Martin Engstroem, der Leiter des Verbier Festivals, ist laut einer Meldung des Fachmagazins\u00a0\u00abPizzicato\u00bb aus Unzufriedenheit \u00fcber die F\u00fchrung des Ensembles aus dem Kuratorium des Orchestre de la Suisse Romande(OSR)\u00a0 ausgetreten.<\/strong><\/span><\/p>\n<p><span style=\"font-family: arial,helvetica,sans-serif; font-size: small;\">\u00a0<\/span><\/p>\n<p><span style=\"font-family: arial,helvetica,sans-serif; font-size: small;\">Laut \u00abPizzicato\u00bb beklagt Engstroem eine Reihe \u00abschlechter Entscheidungen\u00bb im Verlaufe der letzten Jahre. Zudem st\u00f6rt er sich am h\u00e4ufigen Wechsel der Gesch\u00e4ftsf\u00fchrer unter der OSR-Pr\u00e4sidentin Florence Notter. Er wirft ihr vor, Entscheidungen alleine zu treffen, die von den Gremien des Orchesters bloss noch abgeniockt werden d\u00fcrften.\u00a0<\/span><\/p>\n<p><span style=\"font-family: arial,helvetica,sans-serif; font-size: small;\">\u00a0<\/span><\/p>\n<p><span style=\"font-family: arial,helvetica,sans-serif; font-size: small;\">Zur gleichen Zeit ist auch Andr\u00e9 Piguet als Pr\u00e4sident der Freunde des OSR zur\u00fcckgetreten, laut \u00abPizzicato\u00bb aus den gleichen Gr\u00fcnden.<em> (cf)<\/em><\/span><\/p>\n<p><span style=\"font-family: arial,helvetica,sans-serif; font-size: small;\">Originalnotiz: <a href=\"http:\/\/www.pizzicato.lu\/more-turmoil-over-the-orchestre-de-suisse-romande\/\" target=\"_blank\" rel=\"noopener noreferrer\">www.pizzicato.lu\/more-turmoil-over-the-orchestre-de-suisse-romande\/<br \/><\/a>Artikel in der Tribune de Gen\u00e8ve: <a href=\"http:\/\/www.tdg.ch\/culture\/osr-doit-face-nouvel-avis-tempete\/story\/25229696\" target=\"_blank\" rel=\"noopener noreferrer\">www.tdg.ch\/culture\/osr-doit-face-nouvel-avis-tempete\/story\/25229696<\/a><\/span><\/p>\n","protected":false},"excerpt":{"rendered":"<p><span style=\"font-family: arial,helvetica,sans-serif; font-size: small;\">24.10.2016 &#8212; Martin Engstroem, der Leiter des Verbier Festivals, ist laut einer Meldung des Fachmagazins\u00a0\u00abPizzicato\u00bb aus Unzufriedenheit \u00fcber die F\u00fchrung des Ensembles aus dem Kuratorium des Orchestre de la Suisse Romande (OSR) ausgetreten.<\/span><\/p>\n","protected":false},"author":1,"featured_media":0,"comment_status":"open","ping_status":"open","sticky":false,"template":"","format":"standard","meta":{"footnotes":""},"categories":[2],"tags":[],"class_list":["post-3061","post","type-post","status-publish","format-standard","hentry","category-nachrichten","entry"],"_links":{"self":[{"href":"https:\/\/codexflores.ch\/index.php\/wp-json\/wp\/v2\/posts\/3061","targetHints":{"allow":["GET"]}}],"collection":[{"href":"https:\/\/codexflores.ch\/index.php\/wp-json\/wp\/v2\/posts"}],"about":[{"href":"https:\/\/codexflores.ch\/index.php\/wp-json\/wp\/v2\/types\/post"}],"author":[{"embeddable":true,"href":"https:\/\/codexflores.ch\/index.php\/wp-json\/wp\/v2\/users\/1"}],"replies":[{"embeddable":true,"href":"https:\/\/codexflores.ch\/index.php\/wp-json\/wp\/v2\/comments?post=3061"}],"version-history":[{"count":0,"href":"https:\/\/codexflores.ch\/index.php\/wp-json\/wp\/v2\/posts\/3061\/revisions"}],"wp:attachment":[{"href":"https:\/\/codexflores.ch\/index.php\/wp-json\/wp\/v2\/media?parent=3061"}],"wp:term":[{"taxonomy":"category","embeddable":true,"href":"https:\/\/codexflores.ch\/index.php\/wp-json\/wp\/v2\/categories?post=3061"},{"taxonomy":"post_tag","embeddable":true,"href":"https:\/\/codexflores.ch\/index.php\/wp-json\/wp\/v2\/tags?post=3061"}],"curies":[{"name":"wp","href":"https:\/\/api.w.org\/{rel}","templated":true}]}}