{"id":3063,"date":"2016-10-26T05:35:25","date_gmt":"2016-10-26T05:35:25","guid":{"rendered":"https:\/\/codexflores.ch\/index.php\/2016\/10\/26\/prekaere-arbeitsverhaeltnisse-deutscher-musiklehrpersonen\/"},"modified":"2016-10-26T05:35:25","modified_gmt":"2016-10-26T05:35:25","slug":"prekaere-arbeitsverhaeltnisse-deutscher-musiklehrpersonen","status":"publish","type":"post","link":"https:\/\/codexflores.ch\/index.php\/2016\/10\/26\/prekaere-arbeitsverhaeltnisse-deutscher-musiklehrpersonen\/","title":{"rendered":"Prek\u00e4re Arbeitsverh\u00e4ltnisse deutscher Musiklehrpersonen"},"content":{"rendered":"<p><span style=\"font-family: arial,helvetica,sans-serif; font-size: small;\">26.10.2016 &#8212; Die Deutsche Orchestervereinigung (DOV) begr\u00fcsst die Dresdner Erkl\u00e4rung der Lehrbeauftragten an Musikhochschulen. Darin fordern die Lehrbeauftragten eine soziale Absicherung aller Lehrkr\u00e4fte, die auf Honorarbasis arbeiten.<\/span><\/p>\n<p><span style=\"font-family: arial,helvetica,sans-serif; font-size: small;\"><strong>26.10.2016 &#8212; Die Deutsche Orchestervereinigung (DOV) begr\u00fcsst die Dresdner Erkl\u00e4rung der Lehrbeauftragten an Musikhochschulen. Darin fordern die Lehrbeauftragten eine soziale Absicherung aller Lehrkr\u00e4fte, die auf Honorarbasis arbeiten.<\/strong><\/span><\/p>\n<p><span style=\"font-family: arial,helvetica,sans-serif; font-size: small;\">\u00a0<\/span><\/p>\n<p><span style=\"font-family: arial,helvetica,sans-serif; font-size: small;\">Zudem verlangen sie eine zeitnahe Anpassung ihrer Bez\u00fcge an das Gehaltsniveau von Festangestellten in vergleichbaren Positionen.\u00a0Die Erkl\u00e4rung wurde am 23. Oktober auf der 7. Bundeskonferenz der Lehrbeauftragten an Musikhochschulen (bklm) in Dresden verabschiedet. Die bklm ist ein Zusammenschluss der Vertreter von Lehrbeauftragten aller 24 Musikhochschulen in Deutschland.<\/span><\/p>\n<p>\u00a0<\/p>\n<p><span style=\"font-family: arial,helvetica,sans-serif; font-size: small;\">Inzwischen erteilen Lehrbeauftragte zwischen 40 und 60 Prozent des Unterrichts an deutschen Musikhochschulen. Anders als bei festangestellten Dozenten wurde die Verg\u00fctung der Lehrauftr\u00e4ge in den vergangenen Jahrzehnten nur teilweise an die allgemeine Lohnentwicklung angeglichen, heisst es in der Erkl\u00e4rung. Momentan erhalten sie zwischen 22 und 44 Prozent der Bez\u00fcge von Festangestellten. Damit sei eine ad\u00e4quate soziale Absicherung nicht m\u00f6glich. Vielen langj\u00e4hrigen Lehrbeauftragten drohe deshalb Altersarmut. <em>(cf)<\/em><\/span><\/p>\n","protected":false},"excerpt":{"rendered":"<p><span style=\"font-family: arial,helvetica,sans-serif; font-size: small;\">26.10.2016 &#8212; Die Deutsche Orchestervereinigung (DOV) begr\u00fcsst die Dresdner Erkl\u00e4rung der Lehrbeauftragten an Musikhochschulen. Darin fordern die Lehrbeauftragten eine soziale Absicherung aller Lehrkr\u00e4fte, die auf Honorarbasis arbeiten.<\/span><\/p>\n","protected":false},"author":1,"featured_media":0,"comment_status":"open","ping_status":"open","sticky":false,"template":"","format":"standard","meta":{"footnotes":""},"categories":[2],"tags":[],"class_list":["post-3063","post","type-post","status-publish","format-standard","hentry","category-nachrichten","entry"],"_links":{"self":[{"href":"https:\/\/codexflores.ch\/index.php\/wp-json\/wp\/v2\/posts\/3063","targetHints":{"allow":["GET"]}}],"collection":[{"href":"https:\/\/codexflores.ch\/index.php\/wp-json\/wp\/v2\/posts"}],"about":[{"href":"https:\/\/codexflores.ch\/index.php\/wp-json\/wp\/v2\/types\/post"}],"author":[{"embeddable":true,"href":"https:\/\/codexflores.ch\/index.php\/wp-json\/wp\/v2\/users\/1"}],"replies":[{"embeddable":true,"href":"https:\/\/codexflores.ch\/index.php\/wp-json\/wp\/v2\/comments?post=3063"}],"version-history":[{"count":0,"href":"https:\/\/codexflores.ch\/index.php\/wp-json\/wp\/v2\/posts\/3063\/revisions"}],"wp:attachment":[{"href":"https:\/\/codexflores.ch\/index.php\/wp-json\/wp\/v2\/media?parent=3063"}],"wp:term":[{"taxonomy":"category","embeddable":true,"href":"https:\/\/codexflores.ch\/index.php\/wp-json\/wp\/v2\/categories?post=3063"},{"taxonomy":"post_tag","embeddable":true,"href":"https:\/\/codexflores.ch\/index.php\/wp-json\/wp\/v2\/tags?post=3063"}],"curies":[{"name":"wp","href":"https:\/\/api.w.org\/{rel}","templated":true}]}}