{"id":3066,"date":"2016-10-27T06:04:30","date_gmt":"2016-10-27T06:04:30","guid":{"rendered":"https:\/\/codexflores.ch\/index.php\/2016\/10\/27\/musikvermittlungsfest-in-bern\/"},"modified":"2016-10-27T06:04:30","modified_gmt":"2016-10-27T06:04:30","slug":"musikvermittlungsfest-in-bern","status":"publish","type":"post","link":"https:\/\/codexflores.ch\/index.php\/2016\/10\/27\/musikvermittlungsfest-in-bern\/","title":{"rendered":"Musikvermittlungsfest in Bern"},"content":{"rendered":"<p><span style=\"font-family: arial,helvetica,sans-serif; font-size: small;\">27.10.2016 &#8212; Der Verein Musikvermittlung+, der Verein Kulturvermittlung Schweiz und der Verein netzwerk junge ohren Berlin veranstalten am 26. November in Bern das erste Musikvermittlungsfest \u2013 unter dem Motto \u00abMusik in Bewegung\u00bb.<\/span><\/p>\n<p><strong><span style=\"font-family: arial,helvetica,sans-serif; font-size: small;\">27.10.2016 &#8212; Der Verein Musikvermittlung+, der Verein Kulturvermittlung Schweiz und der Verein netzwerk junge ohren Berlin veranstalten am 26. November in Bern das erste Musikvermittlungsfest \u2013 unter dem Motto \u00abMusik in Bewegung\u00bb.<\/span><\/strong><\/p>\n<p><span style=\"font-family: arial,helvetica,sans-serif; font-size: small;\">\u00a0<\/span><\/p>\n<p><span style=\"font-family: arial,helvetica,sans-serif; font-size: small;\">Ziel des Festes ist die Pr\u00e4sentation von aktuellen und zukunftstr\u00e4chtigen Ans\u00e4tzen in der Musikvermittlung: Die Spannbreite reicht \u00abvon innovativen Konzertformaten \u00fcber Workshops bis hin zu Ausstellungen\u00bb. Der Verein Kulturvermittlung Schweiz+ und das netzwerk junge ohren Berlin stellen zudem erstmals die digitale Version des Kompass\u2018 Musikvermittlung vor.<\/span><\/p>\n<p><span style=\"font-family: arial,helvetica,sans-serif; font-size: small;\">\u00a0<\/span><\/p>\n<p><span style=\"font-family: arial,helvetica,sans-serif; font-size: small;\">Ebenfalls im Zentrum stehen der fachliche Austausch und der Diskurs unter den Teilnehmenden. Der Tag schliesst mit der Auff\u00fchrung von Auftragskompositionen: Komponisten, Musikerinnen, Studierende und Musikvermittlend haben f\u00fcr Spezial-Instrumente, die von jedermann gespielt werden k\u00f6nnen, Werke geschaffen. <em>(cf)<br \/><\/em><\/span><br \/><span style=\"font-family: arial,helvetica,sans-serif; font-size: small;\"><strong>Mehr Infos:<\/strong> <br \/><a href=\"https:\/\/musikvermittlungschweiz.ch\/nationales-musik-vermittlungs-fest-in-bern-fete-de-la-mediation-musicale\/\" target=\"_blank\" rel=\"noopener noreferrer\">https:\/\/musikvermittlungschweiz.ch\/nationales-musik-vermittlungs-fest-in-bern-fete-de-la-mediation-musicale\/<\/a><\/span><\/p>\n<p>\u00a0<\/p>\n","protected":false},"excerpt":{"rendered":"<p><span style=\"font-family: arial,helvetica,sans-serif; font-size: small;\">27.10.2016 &#8212; Der Verein Musikvermittlung+, der Verein Kulturvermittlung Schweiz und der Verein netzwerk junge ohren Berlin veranstalten am 26. November in Bern das erste Musikvermittlungsfest \u2013 unter dem Motto \u00abMusik in Bewegung\u00bb.<\/span><\/p>\n","protected":false},"author":1,"featured_media":0,"comment_status":"open","ping_status":"open","sticky":false,"template":"","format":"standard","meta":{"footnotes":""},"categories":[2],"tags":[],"class_list":["post-3066","post","type-post","status-publish","format-standard","hentry","category-nachrichten","entry"],"_links":{"self":[{"href":"https:\/\/codexflores.ch\/index.php\/wp-json\/wp\/v2\/posts\/3066","targetHints":{"allow":["GET"]}}],"collection":[{"href":"https:\/\/codexflores.ch\/index.php\/wp-json\/wp\/v2\/posts"}],"about":[{"href":"https:\/\/codexflores.ch\/index.php\/wp-json\/wp\/v2\/types\/post"}],"author":[{"embeddable":true,"href":"https:\/\/codexflores.ch\/index.php\/wp-json\/wp\/v2\/users\/1"}],"replies":[{"embeddable":true,"href":"https:\/\/codexflores.ch\/index.php\/wp-json\/wp\/v2\/comments?post=3066"}],"version-history":[{"count":0,"href":"https:\/\/codexflores.ch\/index.php\/wp-json\/wp\/v2\/posts\/3066\/revisions"}],"wp:attachment":[{"href":"https:\/\/codexflores.ch\/index.php\/wp-json\/wp\/v2\/media?parent=3066"}],"wp:term":[{"taxonomy":"category","embeddable":true,"href":"https:\/\/codexflores.ch\/index.php\/wp-json\/wp\/v2\/categories?post=3066"},{"taxonomy":"post_tag","embeddable":true,"href":"https:\/\/codexflores.ch\/index.php\/wp-json\/wp\/v2\/tags?post=3066"}],"curies":[{"name":"wp","href":"https:\/\/api.w.org\/{rel}","templated":true}]}}