{"id":3067,"date":"2016-10-28T05:46:11","date_gmt":"2016-10-28T05:46:11","guid":{"rendered":"https:\/\/codexflores.ch\/index.php\/2016\/10\/28\/festspiele-zuerich-werden-neu-kuratiert\/"},"modified":"2016-10-28T05:46:11","modified_gmt":"2016-10-28T05:46:11","slug":"festspiele-zuerich-werden-neu-kuratiert","status":"publish","type":"post","link":"https:\/\/codexflores.ch\/index.php\/2016\/10\/28\/festspiele-zuerich-werden-neu-kuratiert\/","title":{"rendered":"Festspiele Z\u00fcrich werden neu kuratiert"},"content":{"rendered":"<p><span style=\"font-family: arial,helvetica,sans-serif; font-size: small;\">28.10.2016 &#8212; Die n\u00e4chsten Festspiele Z\u00fcrich finden vom 1. bis 24. Juni 2018 unter dem Schwerpunktthema \u00abSch\u00f6nheit \/ Wahnsinn\u00bb statt. F\u00fcr die Programmgestaltung ist erstmals eine Kuratorenstelle geschaffen worden. Sie wird alle zwei Jahre neu ausgeschrieben.<\/span><\/p>\n<p><span style=\"font-family: arial,helvetica,sans-serif; font-size: small;\"><strong>28.10.2016 &#8212; Die n\u00e4chsten Festspiele Z\u00fcrich finden vom 1. bis 24. Juni 2018 unter dem Schwerpunktthema \u00abSch\u00f6nheit \/ Wahnsinn\u00bb statt. F\u00fcr die Programmgestaltung ist erstmals eine Kuratorenstelle geschaffen worden. Sie wird alle zwei Jahre neu ausgeschrieben.<\/strong><\/span><\/p>\n<p><span style=\"font-family: arial,helvetica,sans-serif; font-size: small;\">\u00a0<\/span><\/p>\n<p><span style=\"font-family: arial,helvetica,sans-serif; font-size: small;\">Die erste Kuratorin ist die spanische K\u00fcnstlerin und Ausstatterin Bel\u00e9n Montoli\u00fa. Sie hat sich unter \u00fcber 60 Bewerbungen durchgesetzt und nimmt die Arbeit per sofort auf \u2013 in Zusammenarbeit mit der K\u00fcnstlerischen Kommission und den beteiligten Institutionen der Festspiele.<\/span><\/p>\n<p>\u00a0<\/p>\n<p><span style=\"font-family: arial,helvetica,sans-serif; font-size: small;\"> Bel\u00e9n Montoli\u00fa, geboren 1979 in Madrid, studierte Bildende Kunst an der Universit\u00e4t Complutense in Madrid und Kost\u00fcmbild an der Universit\u00e4t der K\u00fcnste Berlin. Seit 2006 arbeitet sie in Spanien und Deutschland als Kost\u00fcm- und B\u00fchnenbildnerin f\u00fcr diverse Theater- und Opernproduktionen und -projekte mit K\u00fcnstlerinnen und K\u00fcnstlern wie Rodrigo Garcia, Sandra Strunz, Michael Emanuel Bauer und Miriam Tscholl. <\/span><\/p>\n<p>\u00a0<\/p>\n<p><span style=\"font-family: arial,helvetica,sans-serif; font-size: small;\">Engagements f\u00fchrten sie unter anderem an die Deutsche Oper Berlin, das Nationaltheater Madrid (Centro Dram\u00e1tico Nacional), das Teatros del Canal Madrid, das Teatro del Matadero Madrid, das Staatsschauspiel Dresden, die M\u00fcnchener Biennale und an die Bayerischen Opernfestspiele der Bayerischen Staatsoper M\u00fcnchen.<em> (cf)\u00a0<\/em><\/span><\/p>\n<p>\u00a0<\/p>\n","protected":false},"excerpt":{"rendered":"<p><span style=\"font-family: arial,helvetica,sans-serif; font-size: small;\">28.10.2016 &#8212; Die n\u00e4chsten Festspiele Z\u00fcrich finden vom 1. bis 24. Juni 2018 unter dem Schwerpunktthema \u00abSch\u00f6nheit \/ Wahnsinn\u00bb statt. F\u00fcr die Programmgestaltung ist erstmals eine Kuratorenstelle geschaffen worden. Sie wird alle zwei Jahre neu ausgeschrieben.<\/span><\/p>\n","protected":false},"author":1,"featured_media":0,"comment_status":"open","ping_status":"open","sticky":false,"template":"","format":"standard","meta":{"footnotes":""},"categories":[2],"tags":[],"class_list":["post-3067","post","type-post","status-publish","format-standard","hentry","category-nachrichten","entry"],"_links":{"self":[{"href":"https:\/\/codexflores.ch\/index.php\/wp-json\/wp\/v2\/posts\/3067","targetHints":{"allow":["GET"]}}],"collection":[{"href":"https:\/\/codexflores.ch\/index.php\/wp-json\/wp\/v2\/posts"}],"about":[{"href":"https:\/\/codexflores.ch\/index.php\/wp-json\/wp\/v2\/types\/post"}],"author":[{"embeddable":true,"href":"https:\/\/codexflores.ch\/index.php\/wp-json\/wp\/v2\/users\/1"}],"replies":[{"embeddable":true,"href":"https:\/\/codexflores.ch\/index.php\/wp-json\/wp\/v2\/comments?post=3067"}],"version-history":[{"count":0,"href":"https:\/\/codexflores.ch\/index.php\/wp-json\/wp\/v2\/posts\/3067\/revisions"}],"wp:attachment":[{"href":"https:\/\/codexflores.ch\/index.php\/wp-json\/wp\/v2\/media?parent=3067"}],"wp:term":[{"taxonomy":"category","embeddable":true,"href":"https:\/\/codexflores.ch\/index.php\/wp-json\/wp\/v2\/categories?post=3067"},{"taxonomy":"post_tag","embeddable":true,"href":"https:\/\/codexflores.ch\/index.php\/wp-json\/wp\/v2\/tags?post=3067"}],"curies":[{"name":"wp","href":"https:\/\/api.w.org\/{rel}","templated":true}]}}