{"id":3068,"date":"2016-10-28T06:54:25","date_gmt":"2016-10-28T06:54:25","guid":{"rendered":"https:\/\/codexflores.ch\/index.php\/2016\/10\/28\/franzoesischer-komponist-vollendet-ullmann-oper\/"},"modified":"2016-10-28T06:54:25","modified_gmt":"2016-10-28T06:54:25","slug":"franzoesischer-komponist-vollendet-ullmann-oper","status":"publish","type":"post","link":"https:\/\/codexflores.ch\/index.php\/2016\/10\/28\/franzoesischer-komponist-vollendet-ullmann-oper\/","title":{"rendered":"Franz\u00f6sischer Komponist vollendet Ullmann-Oper"},"content":{"rendered":"<p><span style=\"font-family: arial,helvetica,sans-serif; font-size: small;\">28.10.2016 &#8212; Der franz\u00f6sische Komponist H\u00e9lios Azoulay f\u00fchrt Arbeiten an einer Oper mit dem Titel \u00ab30. Mai 1431\u00bb fort, an welcher der tschechische Tonsch\u00f6pfer Viktor Ullmann im\u00a0 Konzentrationslager Ausschwitz gearbeitet hat.<\/span><\/p>\n<p><span style=\"font-family: arial,helvetica,sans-serif; font-size: small;\"><strong>28.10.2016 &#8212; Der franz\u00f6sische Komponist H\u00e9lios Azoulay f\u00fchrt Arbeiten an einer Oper mit dem Titel \u00ab30. Mai 1431\u00bb fort, an welcher der tschechische Tonsch\u00f6pfer Viktor Ullmann im\u00a0 Konzentrationslager Ausschwitz gearbeitet hat.<\/strong><\/span><\/p>\n<p><span style=\"font-family: arial,helvetica,sans-serif; font-size: small;\">\u00a0<\/span><\/p>\n<p><span style=\"font-family: arial,helvetica,sans-serif; font-size: small;\">Azoulay stiess bei Recherchen zur Musik in Konzentrationslagern auf die Materialien. Die Oper hat das Leben von Jeanne d\u2019Arc zum Thema. Von Ullmann, der 1944 im KZ umgebracht wurde, existieren das komplette Libretto, aber nur zwei Notenseiten. Unterst\u00fctzt wird die Arbeit <span style=\"font-family: arial,helvetica,sans-serif; font-size: small;\">Azoulay<\/span>s von der in Belgien ans\u00e4ssigen Ausschwitz-Stiftung.<\/span><\/p>\n<p><span style=\"font-family: arial,helvetica,sans-serif; font-size: small;\">\u00a0<\/span><\/p>\n<p><span style=\"font-family: arial,helvetica,sans-serif; font-size: small;\">Geplant ist eine Einspielung der Musik auf CD. Bereits fertig sind die Aufnahmen mit einem Streichquartett in einem Studio in Rouen. Das Werk soll Anfang kommenden Jahres verf\u00fcgbar werden. <em>(cf)<\/em><\/span><\/p>\n<p><span style=\"font-family: arial,helvetica,sans-serif; font-size: small;\"><em>\u00a0<\/em><\/span><\/p>\n<p><span style=\"font-family: arial,helvetica,sans-serif; font-size: small;\"><strong>Originalartikel:<\/strong><em><br \/><a href=\"http:\/\/www.tendanceouest.com\/actualite-198629-a-rouen-il-termine-opera-inacheve-de-viktor-ulman-mort-dans-les-camps-en-1944.html\" target=\"_blank\" rel=\"noopener noreferrer\">http:\/\/www.tendanceouest.com\/actualite-198629-a-rouen-il-termine-opera-inacheve-de-viktor-ulman-mort-dans-les-camps-en-1944.html<\/a><br \/><\/em><\/span><\/p>\n<p><span style=\"font-family: arial,helvetica,sans-serif; font-size: small;\"><em>\u00a0<\/em><\/span><\/p>\n<p>\u00a0<\/p>\n<p>\u00a0<\/p>\n","protected":false},"excerpt":{"rendered":"<p><span style=\"font-family: arial,helvetica,sans-serif; font-size: small;\">28.10.2016 &#8212; Der franz\u00f6sische Komponist H\u00e9lios Azoulay f\u00fchrt Arbeiten an einer Oper mit dem Titel \u00ab30. Mai 1431\u00bb fort, an welcher der tschechische Tonsch\u00f6pfer Viktor Ullmann im\u00a0 Konzentrationslager Ausschwitz gearbeitet hat.<\/span><\/p>\n","protected":false},"author":1,"featured_media":0,"comment_status":"open","ping_status":"open","sticky":false,"template":"","format":"standard","meta":{"footnotes":""},"categories":[2],"tags":[],"class_list":["post-3068","post","type-post","status-publish","format-standard","hentry","category-nachrichten","entry"],"_links":{"self":[{"href":"https:\/\/codexflores.ch\/index.php\/wp-json\/wp\/v2\/posts\/3068","targetHints":{"allow":["GET"]}}],"collection":[{"href":"https:\/\/codexflores.ch\/index.php\/wp-json\/wp\/v2\/posts"}],"about":[{"href":"https:\/\/codexflores.ch\/index.php\/wp-json\/wp\/v2\/types\/post"}],"author":[{"embeddable":true,"href":"https:\/\/codexflores.ch\/index.php\/wp-json\/wp\/v2\/users\/1"}],"replies":[{"embeddable":true,"href":"https:\/\/codexflores.ch\/index.php\/wp-json\/wp\/v2\/comments?post=3068"}],"version-history":[{"count":0,"href":"https:\/\/codexflores.ch\/index.php\/wp-json\/wp\/v2\/posts\/3068\/revisions"}],"wp:attachment":[{"href":"https:\/\/codexflores.ch\/index.php\/wp-json\/wp\/v2\/media?parent=3068"}],"wp:term":[{"taxonomy":"category","embeddable":true,"href":"https:\/\/codexflores.ch\/index.php\/wp-json\/wp\/v2\/categories?post=3068"},{"taxonomy":"post_tag","embeddable":true,"href":"https:\/\/codexflores.ch\/index.php\/wp-json\/wp\/v2\/tags?post=3068"}],"curies":[{"name":"wp","href":"https:\/\/api.w.org\/{rel}","templated":true}]}}