{"id":3069,"date":"2016-10-28T07:10:32","date_gmt":"2016-10-28T07:10:32","guid":{"rendered":"https:\/\/codexflores.ch\/index.php\/2016\/10\/28\/martin-schlaepfer-fuehlt-sich-in-duesseldorf-im-stich-gelassen\/"},"modified":"2016-10-28T07:10:32","modified_gmt":"2016-10-28T07:10:32","slug":"martin-schlaepfer-fuehlt-sich-in-duesseldorf-im-stich-gelassen","status":"publish","type":"post","link":"https:\/\/codexflores.ch\/index.php\/2016\/10\/28\/martin-schlaepfer-fuehlt-sich-in-duesseldorf-im-stich-gelassen\/","title":{"rendered":"Martin Schl\u00e4pfer f\u00fchlt sich in D\u00fcsseldorf im Stich gelassen"},"content":{"rendered":"<p><span style=\"font-family: arial,helvetica,sans-serif; font-size: small;\">28.10.2016 &#8212; Der Schweizer Choreograf Martin Schl\u00e4pfer ist bis\u00a02019 in D\u00fcsseldorf unter Vertrag. Mit der Stadt geht er in einem aktuellen Interview mit der \u00abWestdeutschen Zeitung\u00bb allerdings scharf ins Gericht. Sie tue nichts f\u00fcr das D\u00fcsseldorfer Ballett am Rhein.<\/span><\/p>\n<p><span style=\"font-family: arial,helvetica,sans-serif; font-size: small;\"><strong>28.10.2016 &#8212; Der Schweizer Choreograf Martin Schl\u00e4pfer ist bis\u00a02019 in D\u00fcsseldorf unter Vertrag. Mit der Stadt geht er in einem aktuellen Interview mit der \u00abWestdeutschen Zeitung\u00bb allerdings scharf ins Gericht. Sie tue nichts f\u00fcr das D\u00fcsseldorfer Ballett am Rhein.<\/strong><\/span><\/p>\n<p><span style=\"font-family: arial,helvetica,sans-serif; font-size: small;\">\u00a0<\/span><\/p>\n<p><span style=\"font-family: arial,helvetica,sans-serif; font-size: small;\">\u00abDas Marketing tut nichts f\u00fcr das Ballett und aus der Wirtschaft wolle niemand die Compagnie f\u00f6rdern, zitiert die Zeitung den Choreografen. Schl\u00e4pfer fordert merh finanzielle M\u00f6glichkeiten, um auch Gastcompagnien einladen zu k\u00f6nnen. Zudem sieht er die Belastungen kritisch, die dadurch entstehen, dass das Ballett sowohl in D\u00fcsseldorf als auch in Duisburg aufgaben zu erf\u00fcllen hat. Die beiden St\u00e4dte bilden mit der \u00abDeutschen Oper am Rhein\u00bb eine Operngemeinschaft.<\/span><\/p>\n<p><span style=\"font-family: arial,helvetica,sans-serif; font-size: small;\">\u00a0<\/span><\/p>\n<p><span style=\"font-family: arial,helvetica,sans-serif; font-size: small;\">Schl\u00e4pfer hatte seinen Vertrag in D\u00fcsseldorf laut dem Deutschen Kulturinformationszentrum bis 2019 verl\u00e4ngert, nachdem die Stadt dem Ballett f\u00fcr rund 30 Millionen Euro ein eigenes Haus hatte bauen lassen.<em> (cf)\u00a0<\/em><\/span><\/p>\n","protected":false},"excerpt":{"rendered":"<p><span style=\"font-family: arial,helvetica,sans-serif; font-size: small;\">28.10.2016 &#8212; Der Schweizer Choreograf Martin Schl\u00e4pfer ist bis\u00a02019 in D\u00fcsseldorf unter Vertrag. Mit der Stadt geht er in einem aktuellen Interview mit der \u00abWestdeutschen Zeitung\u00bb allerdings scharf ins Gericht. Sie tue nichts f\u00fcr das D\u00fcsseldorfer Ballett am Rhein.<\/span><\/p>\n","protected":false},"author":1,"featured_media":0,"comment_status":"open","ping_status":"open","sticky":false,"template":"","format":"standard","meta":{"footnotes":""},"categories":[2],"tags":[],"class_list":["post-3069","post","type-post","status-publish","format-standard","hentry","category-nachrichten","entry"],"_links":{"self":[{"href":"https:\/\/codexflores.ch\/index.php\/wp-json\/wp\/v2\/posts\/3069","targetHints":{"allow":["GET"]}}],"collection":[{"href":"https:\/\/codexflores.ch\/index.php\/wp-json\/wp\/v2\/posts"}],"about":[{"href":"https:\/\/codexflores.ch\/index.php\/wp-json\/wp\/v2\/types\/post"}],"author":[{"embeddable":true,"href":"https:\/\/codexflores.ch\/index.php\/wp-json\/wp\/v2\/users\/1"}],"replies":[{"embeddable":true,"href":"https:\/\/codexflores.ch\/index.php\/wp-json\/wp\/v2\/comments?post=3069"}],"version-history":[{"count":0,"href":"https:\/\/codexflores.ch\/index.php\/wp-json\/wp\/v2\/posts\/3069\/revisions"}],"wp:attachment":[{"href":"https:\/\/codexflores.ch\/index.php\/wp-json\/wp\/v2\/media?parent=3069"}],"wp:term":[{"taxonomy":"category","embeddable":true,"href":"https:\/\/codexflores.ch\/index.php\/wp-json\/wp\/v2\/categories?post=3069"},{"taxonomy":"post_tag","embeddable":true,"href":"https:\/\/codexflores.ch\/index.php\/wp-json\/wp\/v2\/tags?post=3069"}],"curies":[{"name":"wp","href":"https:\/\/api.w.org\/{rel}","templated":true}]}}