{"id":3071,"date":"2016-11-01T06:46:01","date_gmt":"2016-11-01T06:46:01","guid":{"rendered":"https:\/\/codexflores.ch\/index.php\/2016\/11\/01\/thomas-quasthoff-in-der-zuercher-tonhalle\/"},"modified":"2016-11-01T06:46:01","modified_gmt":"2016-11-01T06:46:01","slug":"thomas-quasthoff-in-der-zuercher-tonhalle","status":"publish","type":"post","link":"https:\/\/codexflores.ch\/index.php\/2016\/11\/01\/thomas-quasthoff-in-der-zuercher-tonhalle\/","title":{"rendered":"Thomas Quasthoff in der Z\u00fcrcher Tonhalle"},"content":{"rendered":"<p><span style=\"font-family: arial,helvetica,sans-serif; font-size: small;\">01.11.2016 &#8211;Der Bariton Thomas Quasthoff hat sich von der Klassikb\u00fchne verabschiedet. Als Jazzs\u00e4nger ist er aber nach wie vor unterwegs. Am Montag, 28. November gibt er Z\u00fcrcher Tonhall mit seinem neuen Jazz-Programm sein erstes und einziges Konzert in der Schweiz.<\/span><\/p>\n<p><span style=\"font-family: arial,helvetica,sans-serif; font-size: small;\"><strong>01.11.2016 &#8211;Der Bariton Thomas Quasthoff hat sich von der Klassikb\u00fchne verabschiedet. Als Jazzs\u00e4nger ist er aber nach wie vor unterwegs. Am Montag, 28. November gibt er Z\u00fcrcher Tonhall mit seinem neuen Jazz-Programm sein erstes und einziges Konzert in der Schweiz.<\/strong><\/span><\/p>\n<p><span style=\"font-family: arial,helvetica,sans-serif; font-size: small;\">\u00a0<\/span><\/p>\n<p><span style=\"font-family: arial,helvetica,sans-serif; font-size: small;\">2012 gab Quasthoff das Ende seiner Klassik-Gesangskarriere bekannt. Auf die Opernb\u00fchne wird er zwar nicht mehr zur\u00fcckkehren,\u00a0aber als Jazzs\u00e4nger ist er wieder zu h\u00f6ren. Mit von der Partie ist ein Klaviertrio mit Frank Chastenier (Piano), Dieter Ilg (Bass) und Wolfgang Haffner (Drums).<\/span><\/p>\n<p><span style=\"font-family: arial,helvetica,sans-serif; font-size: small;\">\u00a0<\/span><\/p>\n<p><span style=\"font-family: arial,helvetica,sans-serif; font-size: small;\">Eine CD mit Jazztiteln hat Quasthoff bereits 2007 eingespielt. Mit von der Partie waren da neben dem Trompeter Till Br\u00f6nner auch bereits Frank Chastenier und Dieter Ilg. 2010 folgte unter Mitwirkung des aktuellen Trios ein zweites Album, das mit einem Echo Jazz ausgezeichnet wurde.<em> (cf)<\/em><\/span><\/p>\n<p><span style=\"font-family: arial,helvetica,sans-serif; font-size: small;\">\u00a0<\/span><\/p>\n<p><span style=\"font-family: arial,helvetica,sans-serif; font-size: small;\"><strong>Mehr Infos:<\/strong> <a href=\"http:\/\/www.allblues.ch\/Thomas-Quasthoff-Jazz-Project\/1854\" target=\"_blank\" rel=\"noopener noreferrer\">www.allblues.ch\/Thomas-Quasthoff-Jazz-Project\/1854<\/a>\u00a0<\/span><\/p>\n","protected":false},"excerpt":{"rendered":"<p><span style=\"font-family: arial,helvetica,sans-serif; font-size: small;\">01.11.2016 &#8211;Der Bariton Thomas Quasthoff hat sich von der Klassikb\u00fchne verabschiedet. Als Jazzs\u00e4nger ist er aber nach wie vor unterwegs. Am Montag, 28. November gibt er Z\u00fcrcher Tonhall mit seinem neuen Jazz-Programm sein erstes und einziges Konzert in der Schweiz.<\/span><\/p>\n","protected":false},"author":1,"featured_media":0,"comment_status":"open","ping_status":"open","sticky":false,"template":"","format":"standard","meta":{"footnotes":""},"categories":[2],"tags":[],"class_list":["post-3071","post","type-post","status-publish","format-standard","hentry","category-nachrichten","entry"],"_links":{"self":[{"href":"https:\/\/codexflores.ch\/index.php\/wp-json\/wp\/v2\/posts\/3071","targetHints":{"allow":["GET"]}}],"collection":[{"href":"https:\/\/codexflores.ch\/index.php\/wp-json\/wp\/v2\/posts"}],"about":[{"href":"https:\/\/codexflores.ch\/index.php\/wp-json\/wp\/v2\/types\/post"}],"author":[{"embeddable":true,"href":"https:\/\/codexflores.ch\/index.php\/wp-json\/wp\/v2\/users\/1"}],"replies":[{"embeddable":true,"href":"https:\/\/codexflores.ch\/index.php\/wp-json\/wp\/v2\/comments?post=3071"}],"version-history":[{"count":0,"href":"https:\/\/codexflores.ch\/index.php\/wp-json\/wp\/v2\/posts\/3071\/revisions"}],"wp:attachment":[{"href":"https:\/\/codexflores.ch\/index.php\/wp-json\/wp\/v2\/media?parent=3071"}],"wp:term":[{"taxonomy":"category","embeddable":true,"href":"https:\/\/codexflores.ch\/index.php\/wp-json\/wp\/v2\/categories?post=3071"},{"taxonomy":"post_tag","embeddable":true,"href":"https:\/\/codexflores.ch\/index.php\/wp-json\/wp\/v2\/tags?post=3071"}],"curies":[{"name":"wp","href":"https:\/\/api.w.org\/{rel}","templated":true}]}}