{"id":3074,"date":"2016-11-03T07:13:18","date_gmt":"2016-11-03T07:13:18","guid":{"rendered":"https:\/\/codexflores.ch\/index.php\/2016\/11\/03\/orchesterverbaende-zeichnen-bayerischen-rundfunk-aus\/"},"modified":"2016-11-03T07:13:18","modified_gmt":"2016-11-03T07:13:18","slug":"orchesterverbaende-zeichnen-bayerischen-rundfunk-aus","status":"publish","type":"post","link":"https:\/\/codexflores.ch\/index.php\/2016\/11\/03\/orchesterverbaende-zeichnen-bayerischen-rundfunk-aus\/","title":{"rendered":"Orchesterverb\u00e4nde zeichnen Bayerischen Rundfunk aus"},"content":{"rendered":"<p><span style=\"font-family: arial,helvetica,sans-serif; font-size: small;\">03.11.2016 &#8212; Die Bundesvereinigung Deutscher Orchesterverb\u00e4nde verleiht die Hans-Lenz-Medaille f\u00fcr au\u00dfergew\u00f6hnliche Verdienste um das Amateurmusizieren im Jahr 2016 an den Bayerischen Rundfunk.<\/span><\/p>\n<p><span style=\"font-family: arial,helvetica,sans-serif; font-size: small;\"><strong>03.11.2016 &#8212; Die Bundesvereinigung Deutscher Orchesterverb\u00e4nde verleiht die Hans-Lenz-Medaille f\u00fcr au\u00dfergew\u00f6hnliche Verdienste um das Amateurmusizieren im Jahr 2016 an den Bayerischen Rundfunk.<\/strong><\/span><\/p>\n<p><span style=\"font-family: arial,helvetica,sans-serif; font-size: small;\">\u00a0<\/span><\/p>\n<p><span style=\"font-family: arial,helvetica,sans-serif; font-size: small;\">Die Medaille wird im Rahmen eines Festakts am 11. November stellvertretend dem BR-Intendanten Ulrich Wilhelm <\/span><br \/><span style=\"font-family: arial,helvetica,sans-serif; font-size: small;\">\u00fcberreicht. Unmittelbar vor dem Festakt findet im Funkhaus M\u00fcnchen ein Symposium Laienmusik im Bayerischen Rundfunk statt.<\/span><\/p>\n<p><span style=\"font-family: arial,helvetica,sans-serif; font-size: small;\">\u00a0<\/span><\/p>\n<p><span style=\"font-family: arial,helvetica,sans-serif; font-size: small;\">Die Hans-Lenz-Medaille j\u00e4hrlich an Pers\u00f6nlichkeiten vergeben, die sich in besonderer Weise um die breite Verankerung der Musik in der Gesellschaft, die Anerkennung der Bedeutung des Amateurmusizierens und insbesondere f\u00fcr die kulturelle Jugendbildung verdient gemacht haben. Sie erinnert an Hans Lenz, den dritten Pr\u00e4sident der Bundesvereinigung Deutscher Orchesterverb\u00e4nde und ersten Minister f\u00fcr Wissenschaft und Forschung im Kabinett Adenauer.<em> (cf)<\/em><\/span><\/p>\n<p><span style=\"font-family: arial,helvetica,sans-serif; font-size: small;\">\u00a0<\/span><\/p>\n","protected":false},"excerpt":{"rendered":"<p><span style=\"font-family: arial,helvetica,sans-serif; font-size: small;\">03.11.2016 &#8212; Die Bundesvereinigung Deutscher Orchesterverb\u00e4nde verleiht die Hans-Lenz-Medaille f\u00fcr au\u00dfergew\u00f6hnliche Verdienste um das Amateurmusizieren im Jahr 2016 an den Bayerischen Rundfunk.<\/span><\/p>\n","protected":false},"author":1,"featured_media":0,"comment_status":"open","ping_status":"open","sticky":false,"template":"","format":"standard","meta":{"footnotes":""},"categories":[2],"tags":[],"class_list":["post-3074","post","type-post","status-publish","format-standard","hentry","category-nachrichten","entry"],"_links":{"self":[{"href":"https:\/\/codexflores.ch\/index.php\/wp-json\/wp\/v2\/posts\/3074","targetHints":{"allow":["GET"]}}],"collection":[{"href":"https:\/\/codexflores.ch\/index.php\/wp-json\/wp\/v2\/posts"}],"about":[{"href":"https:\/\/codexflores.ch\/index.php\/wp-json\/wp\/v2\/types\/post"}],"author":[{"embeddable":true,"href":"https:\/\/codexflores.ch\/index.php\/wp-json\/wp\/v2\/users\/1"}],"replies":[{"embeddable":true,"href":"https:\/\/codexflores.ch\/index.php\/wp-json\/wp\/v2\/comments?post=3074"}],"version-history":[{"count":0,"href":"https:\/\/codexflores.ch\/index.php\/wp-json\/wp\/v2\/posts\/3074\/revisions"}],"wp:attachment":[{"href":"https:\/\/codexflores.ch\/index.php\/wp-json\/wp\/v2\/media?parent=3074"}],"wp:term":[{"taxonomy":"category","embeddable":true,"href":"https:\/\/codexflores.ch\/index.php\/wp-json\/wp\/v2\/categories?post=3074"},{"taxonomy":"post_tag","embeddable":true,"href":"https:\/\/codexflores.ch\/index.php\/wp-json\/wp\/v2\/tags?post=3074"}],"curies":[{"name":"wp","href":"https:\/\/api.w.org\/{rel}","templated":true}]}}