{"id":3077,"date":"2016-11-07T07:17:09","date_gmt":"2016-11-07T07:17:09","guid":{"rendered":"https:\/\/codexflores.ch\/index.php\/2016\/11\/07\/juergen-flimm-fuer-sein-lebenswerk-geehrt\/"},"modified":"2016-11-07T07:17:09","modified_gmt":"2016-11-07T07:17:09","slug":"juergen-flimm-fuer-sein-lebenswerk-geehrt","status":"publish","type":"post","link":"https:\/\/codexflores.ch\/index.php\/2016\/11\/07\/juergen-flimm-fuer-sein-lebenswerk-geehrt\/","title":{"rendered":"J\u00fcrgen Flimm f\u00fcr sein Lebenswerk geehrt"},"content":{"rendered":"<p><span style=\"font-family: arial,helvetica,sans-serif; font-size: small;\">07.11.2016 &#8212; Der Intendant J\u00fcrgen Flimm ist im Tipi am Berliner Kanzleramt auf der Night of Cultural Brands bei den 11. Kulturmarken-Awards f\u00fcr sein bisheriges Lebenswerk als Kulturmanager geehrt worden.<\/span><\/p>\n<p><span style=\"font-family: arial,helvetica,sans-serif; font-size: small;\"><strong>07.11.2016 &#8212; <span style=\"font-family: arial,helvetica,sans-serif; font-size: small;\">Der Intendant J\u00fcrgen Flimm ist im Tipi am Berliner Kanzleramt auf der Night of Cultural Brands bei den 11. Kulturmarken-Awards f\u00fcr sein bisheriges Lebenswerk als Kulturmanager geehrt worden.<\/span><br \/><\/strong><\/span><\/p>\n<p><span style=\"font-family: arial,helvetica,sans-serif; font-size: small;\">\u00a0<\/span><\/p>\n<p><span style=\"font-family: arial,helvetica,sans-serif; font-size: small;\">Mit der Auszeichnung Europ\u00e4ischer Kulturinvestor des Jahres 2016 wurde die Schweizer Bank UBS f\u00fcr das Kooperationsprojekt UBS MAP Global Art Initiative geehrt. Es handelt sich dabei um ein Gemeinschaftsprojekt von Richard Armstrong, Direktor des Solomon R. Guggenheim Museums in New York City und der UBS, welches die zeitgen\u00f6ssische Kunst dreier Regionen der Welt erfasst und f\u00f6rdert: S\u00fcd- und S\u00fcdostasien, Lateinamerika und den Mittleren Osten und Nordafrika. Es umfasst Aufenthaltsprogramme f\u00fcr Kuratoren, Wanderausstellungen und Kunstvermittlungsprogramme sowie den Erwerb von Werken f\u00fcr die Sammlung des Guggenheim Museums.<\/span><\/p>\n<p><span style=\"font-family: arial,helvetica,sans-serif; font-size: small;\">\u00a0<\/span><\/p>\n<p><span style=\"font-family: arial,helvetica,sans-serif; font-size: small;\">Nach seinem Theaterwissenschafts-, Germanistik- und Soziologiestudium an der Universit\u00e4t K\u00f6ln wurde Flimm 1968 Regieassistent an den M\u00fcnchner Kammerspielen. Nach Stationen als Spielleiter in Mannheim und Hamburg begann er 1979 seine Intendantenkarriere am Schauspielhaus K\u00f6ln. Ab 1985 leitete er f\u00fcr f\u00fcnfzehn Jahre das Thalia Theater in Hamburg, das er w\u00e4hrend dieser Zeit zu einem der k\u00fcnstlerisch und wirtschaftlich erfolgreichsten deutschen Sprechtheater machte. Auch die Ruhrtriennale und die Salzburger Festspiele erlebten unter seiner k\u00fcnstlerischen Leitung Erfolgszeiten.\u00a0<\/span><\/p>\n<p><span style=\"font-family: arial,helvetica,sans-serif; font-size: small;\">\u00a0<\/span><\/p>\n<p><span style=\"font-family: arial,helvetica,sans-serif; font-size: small;\">Die Kulturmarken-Awards sind dieses Jahr zum 11. Mal vergeben worden \u2013 von einer 34-k\u00f6pfigen Expertenjury aus Wirtschaft, Politik, Kultur und Medien unter dem Vorsitz von Oliver Scheytt, Pr\u00e4sident der Kulturpolitischen Gesellschaft e.V. <em>(cf)<\/em><\/span><\/p>\n","protected":false},"excerpt":{"rendered":"<p><span style=\"font-family: arial,helvetica,sans-serif; font-size: small;\">07.11.2016 &#8212; Der Intendant J\u00fcrgen Flimm ist im Tipi am Berliner Kanzleramt auf der Night of Cultural Brands bei den 11. Kulturmarken-Awards f\u00fcr sein bisheriges Lebenswerk als Kulturmanager geehrt worden.<\/span><\/p>\n","protected":false},"author":1,"featured_media":0,"comment_status":"open","ping_status":"open","sticky":false,"template":"","format":"standard","meta":{"footnotes":""},"categories":[2],"tags":[],"class_list":["post-3077","post","type-post","status-publish","format-standard","hentry","category-nachrichten","entry"],"_links":{"self":[{"href":"https:\/\/codexflores.ch\/index.php\/wp-json\/wp\/v2\/posts\/3077","targetHints":{"allow":["GET"]}}],"collection":[{"href":"https:\/\/codexflores.ch\/index.php\/wp-json\/wp\/v2\/posts"}],"about":[{"href":"https:\/\/codexflores.ch\/index.php\/wp-json\/wp\/v2\/types\/post"}],"author":[{"embeddable":true,"href":"https:\/\/codexflores.ch\/index.php\/wp-json\/wp\/v2\/users\/1"}],"replies":[{"embeddable":true,"href":"https:\/\/codexflores.ch\/index.php\/wp-json\/wp\/v2\/comments?post=3077"}],"version-history":[{"count":0,"href":"https:\/\/codexflores.ch\/index.php\/wp-json\/wp\/v2\/posts\/3077\/revisions"}],"wp:attachment":[{"href":"https:\/\/codexflores.ch\/index.php\/wp-json\/wp\/v2\/media?parent=3077"}],"wp:term":[{"taxonomy":"category","embeddable":true,"href":"https:\/\/codexflores.ch\/index.php\/wp-json\/wp\/v2\/categories?post=3077"},{"taxonomy":"post_tag","embeddable":true,"href":"https:\/\/codexflores.ch\/index.php\/wp-json\/wp\/v2\/tags?post=3077"}],"curies":[{"name":"wp","href":"https:\/\/api.w.org\/{rel}","templated":true}]}}