{"id":3078,"date":"2016-11-07T07:23:05","date_gmt":"2016-11-07T07:23:05","guid":{"rendered":"https:\/\/codexflores.ch\/index.php\/2016\/11\/07\/berner-stadttheater-vor-der-wiedereroeffnung\/"},"modified":"2016-11-07T07:23:05","modified_gmt":"2016-11-07T07:23:05","slug":"berner-stadttheater-vor-der-wiedereroeffnung","status":"publish","type":"post","link":"https:\/\/codexflores.ch\/index.php\/2016\/11\/07\/berner-stadttheater-vor-der-wiedereroeffnung\/","title":{"rendered":"Berner Stadttheater vor der Wiederer\u00f6ffnung"},"content":{"rendered":"<p><span style=\"font-family: arial,helvetica,sans-serif; font-size: small;\">07.11.2016 &#8212; Am Ende der dritten und l\u00e4ngsten Sanierungsphase des Berner Stadttheaters sieht sich Konzert Theater Bern kurzfristig mit unerwarteten Problemen bei der Konfigurierung der neuen b\u00fchnentechnischen Anlagen konfrontiert. Dies f\u00fchrt zur Verschiebung von Produktionen.<\/span><\/p>\n<p><span style=\"font-family: arial,helvetica,sans-serif; font-size: small;\"><strong>07.11.2016 &#8212; Am Ende der dritten und l\u00e4ngsten Sanierungsphase des Berner Stadttheaters sieht sich Konzert Theater Bern kurzfristig mit unerwarteten Problemen bei der Konfigurierung der neuen b\u00fchnentechnischen Anlagen konfrontiert. Dies f\u00fchrt zur Verschiebung von Produktionen.<\/strong><\/span><\/p>\n<p><span style=\"font-family: arial,helvetica,sans-serif; font-size: small;\">\u00a0<\/span><\/p>\n<p><span style=\"font-family: arial,helvetica,sans-serif; font-size: small;\">Um die Wieder\u00f6ffnung mit der Neuinszenierung von Mozarts Oper \u00abLe Nozze di Figaro\u00bb am Samstag, 26. November, wie geplant durchf\u00fchren zu k\u00f6nnen, seinen Anpassungen des Spielplans notwendig, schreibt Konzert Theater Bern. Diese kompensierten den Verlust von technischer Einrichtungszeit durch die knappe \u00dcbergabe der entsprechenden technischen Anlagen. <\/span><\/p>\n<p>\u00a0<\/p>\n<p><span style=\"font-family: arial,helvetica,sans-serif; font-size: small;\">Die Premiere des neuen Tanzst\u00fcckes von Tanzdirektorin Estefania Miranda, \u00abCallas\u00bb, wird um knapp eine Woche von Sonntag, 27. November 2016, auf Samstag, 3. Dezember, verschoben. Die Vorstellung von \u00abLe Nozze di Figaro\u00bb am Mittwoch, 30. November, wird ebenfalls um eine Woche auf Mittwoch, 7. Dezember, verschoben. Die f\u00fcr den 7. Dezember angesetzte \u00abCallas\u00bb-Vorstellung f\u00e4llt damit aus; s\u00e4mtliche weiteren angek\u00fcndigten Vorstellungen der Mozart-Oper und des Tanzst\u00fccks im Stadttheater finden dann wie geplant statt. <em>(cf)<\/em><\/span><\/p>\n<p>\u00a0<\/p>\n","protected":false},"excerpt":{"rendered":"<p><span style=\"font-family: arial,helvetica,sans-serif; font-size: small;\">07.11.2016 &#8212; Am Ende der dritten und l\u00e4ngsten Sanierungsphase des Berner Stadttheaters sieht sich Konzert Theater Bern kurzfristig mit unerwarteten Problemen bei der Konfigurierung der neuen b\u00fchnentechnischen Anlagen konfrontiert. Dies f\u00fchrt zur Verschiebung von Produktionen.<\/span><\/p>\n","protected":false},"author":1,"featured_media":0,"comment_status":"open","ping_status":"open","sticky":false,"template":"","format":"standard","meta":{"footnotes":""},"categories":[2],"tags":[],"class_list":["post-3078","post","type-post","status-publish","format-standard","hentry","category-nachrichten","entry"],"_links":{"self":[{"href":"https:\/\/codexflores.ch\/index.php\/wp-json\/wp\/v2\/posts\/3078","targetHints":{"allow":["GET"]}}],"collection":[{"href":"https:\/\/codexflores.ch\/index.php\/wp-json\/wp\/v2\/posts"}],"about":[{"href":"https:\/\/codexflores.ch\/index.php\/wp-json\/wp\/v2\/types\/post"}],"author":[{"embeddable":true,"href":"https:\/\/codexflores.ch\/index.php\/wp-json\/wp\/v2\/users\/1"}],"replies":[{"embeddable":true,"href":"https:\/\/codexflores.ch\/index.php\/wp-json\/wp\/v2\/comments?post=3078"}],"version-history":[{"count":0,"href":"https:\/\/codexflores.ch\/index.php\/wp-json\/wp\/v2\/posts\/3078\/revisions"}],"wp:attachment":[{"href":"https:\/\/codexflores.ch\/index.php\/wp-json\/wp\/v2\/media?parent=3078"}],"wp:term":[{"taxonomy":"category","embeddable":true,"href":"https:\/\/codexflores.ch\/index.php\/wp-json\/wp\/v2\/categories?post=3078"},{"taxonomy":"post_tag","embeddable":true,"href":"https:\/\/codexflores.ch\/index.php\/wp-json\/wp\/v2\/tags?post=3078"}],"curies":[{"name":"wp","href":"https:\/\/api.w.org\/{rel}","templated":true}]}}