{"id":3079,"date":"2016-11-07T09:21:27","date_gmt":"2016-11-07T09:21:27","guid":{"rendered":"https:\/\/codexflores.ch\/index.php\/2016\/11\/07\/luzerner-sinfonieorchester-dankt-unterstuetzern\/"},"modified":"2016-11-07T09:21:27","modified_gmt":"2016-11-07T09:21:27","slug":"luzerner-sinfonieorchester-dankt-unterstuetzern","status":"publish","type":"post","link":"https:\/\/codexflores.ch\/index.php\/2016\/11\/07\/luzerner-sinfonieorchester-dankt-unterstuetzern\/","title":{"rendered":"Luzerner Sinfonieorchester dankt Unterst\u00fctzern"},"content":{"rendered":"<p><span style=\"font-family: arial,helvetica,sans-serif; font-size: small;\">07.11.2016 &#8212; Eine Online-Petition des Luzerner Sinfonieorchesters\u00a0\u2013 \u00abWir sagen JA zum Orchester\u00bb \u2013 hat grosses Echo gefunden. Zum Dank l\u00e4dt es am 13. November zu einem Gratiskonzert ins KKL Luzern ein.<\/span><\/p>\n<p>\u00a0<\/p>\n<p><span style=\"font-family: arial,helvetica,sans-serif; font-size: small;\"><strong>07.11.2016 &#8212; Eine Online-Petition des Luzerner Sinfonieorchesters\u00a0<span style=\"font-family: arial,helvetica,sans-serif; font-size: small;\"> \u2013 <\/span>\u00abWir sagen JA zum Orchester\u00bb <span style=\"font-family: arial,helvetica,sans-serif; font-size: small;\"> \u2013 <\/span>hat grosses Echo gefunden. Zum Dank l\u00e4dt es am 13. November zu einem Gratiskonzert ins KKL Luzern ein.<\/strong><\/span><\/p>\n<p><span style=\"font-family: arial,helvetica,sans-serif; font-size: small;\">\u00a0<\/span><\/p>\n<p><span style=\"font-family: arial,helvetica,sans-serif; font-size: small;\">Die Personalkosten des Luzerner Sinfonieorchesters seien schon heute nicht gedeckt, fehlten doch jedes Jahr drei Millionen Franken, schreibt das Orchester. Sie werden dank privaten Spenden gedeckt. Nun drohe die Unterdeckung der Personalkosten auf 3,5 Millionen Franken pro Jahr zu wachsen. Das Luzerner Sinfonieorchester werde es aber nicht schaffen, die wachsende L\u00fccke zu stopfen: Die Eigenfinanzierung des Konzertbetriebs liege schon bei \u00fcber 65 Prozent, einem schweizerischen Spitzenwert.<\/span><\/p>\n<p>\u00a0<\/p>\n<p><span style=\"font-family: arial,helvetica,sans-serif; font-size: small;\">Das Luzerner Sinfonieorchester hat am 22. Oktober eine Online Petition lanciert: \u00abWir sagen JA zum Orchester\u00bb. Bisher haben sich \u00fcber 5000 Unterst\u00fctzer des Luzerner Sinfonieorchesters eingetragen. Aus Dankbarkeit f\u00fcr diese Beteiligung l\u00e4dt das Luzerner Sinfonieorchester am 13. November zu einem Gratiskonzert ins KKL Luzern ein.<\/span><\/p>\n<p>\u00a0<\/p>\n<p><span style=\"font-family: arial,helvetica,sans-serif; font-size: small;\">Die Musikerinnen und Musiker wie auch alle Mitarbeitenden verzichten auf eine Entsch\u00e4digung f\u00fcr dieses Konzert und geben mit diesem Geschenk ihrem Dank Ausdruck. Konzertkarten werden ab 16.30 Uhr im Foyer des KKL Luzern abgegeben. Pro Person kann eine Karte bezogen werden. Eine Vorreservation oder ein Vorbezug von Karten ist nicht m\u00f6glich.<em> (cf)<\/em><\/span><\/p>\n","protected":false},"excerpt":{"rendered":"<p><span style=\"font-family: arial,helvetica,sans-serif; font-size: small;\">07.11.2016 &#8212; Eine Online-Petition des Luzerner Sinfonieorchesters\u00a0\u2013 \u00abWir sagen JA zum Orchester\u00bb \u2013 hat grosses Echo gefunden. Zum Dank l\u00e4dt es am 13. November zu einem Gratiskonzert ins KKL Luzern ein.<\/span><\/p>\n","protected":false},"author":1,"featured_media":0,"comment_status":"open","ping_status":"open","sticky":false,"template":"","format":"standard","meta":{"footnotes":""},"categories":[2],"tags":[],"class_list":["post-3079","post","type-post","status-publish","format-standard","hentry","category-nachrichten","entry"],"_links":{"self":[{"href":"https:\/\/codexflores.ch\/index.php\/wp-json\/wp\/v2\/posts\/3079","targetHints":{"allow":["GET"]}}],"collection":[{"href":"https:\/\/codexflores.ch\/index.php\/wp-json\/wp\/v2\/posts"}],"about":[{"href":"https:\/\/codexflores.ch\/index.php\/wp-json\/wp\/v2\/types\/post"}],"author":[{"embeddable":true,"href":"https:\/\/codexflores.ch\/index.php\/wp-json\/wp\/v2\/users\/1"}],"replies":[{"embeddable":true,"href":"https:\/\/codexflores.ch\/index.php\/wp-json\/wp\/v2\/comments?post=3079"}],"version-history":[{"count":0,"href":"https:\/\/codexflores.ch\/index.php\/wp-json\/wp\/v2\/posts\/3079\/revisions"}],"wp:attachment":[{"href":"https:\/\/codexflores.ch\/index.php\/wp-json\/wp\/v2\/media?parent=3079"}],"wp:term":[{"taxonomy":"category","embeddable":true,"href":"https:\/\/codexflores.ch\/index.php\/wp-json\/wp\/v2\/categories?post=3079"},{"taxonomy":"post_tag","embeddable":true,"href":"https:\/\/codexflores.ch\/index.php\/wp-json\/wp\/v2\/tags?post=3079"}],"curies":[{"name":"wp","href":"https:\/\/api.w.org\/{rel}","templated":true}]}}