{"id":3081,"date":"2016-11-09T06:30:20","date_gmt":"2016-11-09T06:30:20","guid":{"rendered":"https:\/\/codexflores.ch\/index.php\/2016\/11\/09\/bosch-wechselt-von-nuernberg-an-die-mh-muenchen\/"},"modified":"2016-11-09T06:30:20","modified_gmt":"2016-11-09T06:30:20","slug":"bosch-wechselt-von-nuernberg-an-die-mh-muenchen","status":"publish","type":"post","link":"https:\/\/codexflores.ch\/index.php\/2016\/11\/09\/bosch-wechselt-von-nuernberg-an-die-mh-muenchen\/","title":{"rendered":"Bosch wechselt von N\u00fcrnberg an die MH M\u00fcnchen"},"content":{"rendered":"<p><span style=\"font-family: arial,helvetica,sans-serif; font-size: small;\">09.11.2016 &#8212; Marcus Bosch wird mit Ende der Spielzeit 2017\/2018 seine T\u00e4tigkeit als N\u00fcrnberger Generalmusikdirektor beenden und eine volle Professur f\u00fcr Dirigieren und die Leitung des Hochschulorchesters an der Hochschule f\u00fcr Musik und Theater M\u00fcnchen \u00fcbernehmen.<\/span><\/p>\n<p><span style=\"font-family: arial,helvetica,sans-serif; font-size: small;\"><strong>09.11.2016 &#8212; Marcus Bosch wird mit Ende der Spielzeit 2017\/2018 seine T\u00e4tigkeit als N\u00fcrnberger Generalmusikdirektor beenden und eine volle Professur f\u00fcr Dirigieren und die Leitung des Hochschulorchesters an der Hochschule f\u00fcr Musik und Theater M\u00fcnchen \u00fcbernehmen.<\/strong><\/span><\/p>\n<p><span style=\"font-family: arial,helvetica,sans-serif; font-size: small;\">\u00a0<\/span><\/p>\n<p><span style=\"font-family: arial,helvetica,sans-serif; font-size: small;\">In der laufenden Saison und der kommenden Spielzeit 2017\/2018 wird Bosch mit der Staatsphilharmonie N\u00fcrnberg die Wiederaufnahme des Opernzyklus \u00abDer Ring des Nibelungen\u00bb von Richard Wagner, die Neuproduktionen von \u00abNorma\u00bb, \u00abLes Troyens\u00bb sowie Zimmermanns \u00abDie Soldaten\u00bb und die Vervollst\u00e4ndigung der Dvo\u0159\u00e1k-Reihe auf CD realisieren. \u00a0<\/span><\/p>\n<p><span style=\"font-family: arial,helvetica,sans-serif; font-size: small;\">\u00a0<\/span><\/p>\n<p><span style=\"font-family: arial,helvetica,sans-serif; font-size: small;\">Die Neuorientierung und Fokussierung auf die Lehrt\u00e4tigkeit in M\u00fcnchen 2018 erm\u00f6gliche Marcus Bosch \u00fcberdies, die von ihm geleiteten Opernfestspiele Heidenheim in der Doppelfunktion als K\u00fcnstlerischer Festspiel-Direktor und Chef des Festivalorchesters Cappella Aquileia zu gestalten. Seit 2016 hat er ausserdem die Position des Ersten Gastdirigenten der S\u00fcdwestdeutschen Philharmonie Konstanz inne und wird nach dem zeitintensiven Engagement in N\u00fcrnberg den vermehrten internationalen Anfragen nachkommen. <em>(cf)<\/em><\/span><\/p>\n","protected":false},"excerpt":{"rendered":"<p><span style=\"font-family: arial,helvetica,sans-serif; font-size: small;\">09.11.2016 &#8212; Marcus Bosch wird mit Ende der Spielzeit 2017\/2018 seine T\u00e4tigkeit als N\u00fcrnberger Generalmusikdirektor beenden und eine volle Professur f\u00fcr Dirigieren und die Leitung des Hochschulorchesters an der Hochschule f\u00fcr Musik und Theater M\u00fcnchen \u00fcbernehmen.<\/span><\/p>\n","protected":false},"author":1,"featured_media":0,"comment_status":"open","ping_status":"open","sticky":false,"template":"","format":"standard","meta":{"footnotes":""},"categories":[2],"tags":[],"class_list":["post-3081","post","type-post","status-publish","format-standard","hentry","category-nachrichten","entry"],"_links":{"self":[{"href":"https:\/\/codexflores.ch\/index.php\/wp-json\/wp\/v2\/posts\/3081","targetHints":{"allow":["GET"]}}],"collection":[{"href":"https:\/\/codexflores.ch\/index.php\/wp-json\/wp\/v2\/posts"}],"about":[{"href":"https:\/\/codexflores.ch\/index.php\/wp-json\/wp\/v2\/types\/post"}],"author":[{"embeddable":true,"href":"https:\/\/codexflores.ch\/index.php\/wp-json\/wp\/v2\/users\/1"}],"replies":[{"embeddable":true,"href":"https:\/\/codexflores.ch\/index.php\/wp-json\/wp\/v2\/comments?post=3081"}],"version-history":[{"count":0,"href":"https:\/\/codexflores.ch\/index.php\/wp-json\/wp\/v2\/posts\/3081\/revisions"}],"wp:attachment":[{"href":"https:\/\/codexflores.ch\/index.php\/wp-json\/wp\/v2\/media?parent=3081"}],"wp:term":[{"taxonomy":"category","embeddable":true,"href":"https:\/\/codexflores.ch\/index.php\/wp-json\/wp\/v2\/categories?post=3081"},{"taxonomy":"post_tag","embeddable":true,"href":"https:\/\/codexflores.ch\/index.php\/wp-json\/wp\/v2\/tags?post=3081"}],"curies":[{"name":"wp","href":"https:\/\/api.w.org\/{rel}","templated":true}]}}