{"id":3084,"date":"2016-11-11T07:07:28","date_gmt":"2016-11-11T07:07:28","guid":{"rendered":"https:\/\/codexflores.ch\/index.php\/2016\/11\/11\/suedwestdeutsche-philharmonie-in-exzellenz-programm-aufgenommen\/"},"modified":"2016-11-11T07:07:28","modified_gmt":"2016-11-11T07:07:28","slug":"suedwestdeutsche-philharmonie-in-exzellenz-programm-aufgenommen","status":"publish","type":"post","link":"https:\/\/codexflores.ch\/index.php\/2016\/11\/11\/suedwestdeutsche-philharmonie-in-exzellenz-programm-aufgenommen\/","title":{"rendered":"S\u00fcdwestdeutsche Philharmonie  in Exzellenz-Programm aufgenommen"},"content":{"rendered":"<p><span style=\"font-family: arial,helvetica,sans-serif; font-size: small;\">11.11.2016 &#8212; Die S\u00fcdwestdeutsche Philharmonie ist neben nur f\u00fcnf weiteren Orchester in Deutschland in das Exzellenz-Programm des Bundes aufgenommen worden, was j\u00e4hrlich eine zus\u00e4tzliche F\u00f6rderung von bis zu 900&#8217;000 Euro bedeutet.<\/span><\/p>\n<p><span style=\"font-family: arial,helvetica,sans-serif; font-size: small;\"><strong>11.11.2016 &#8212; <span style=\"font-family: arial,helvetica,sans-serif; font-size: small;\">Die S\u00fcdwestdeutsche Philharmonie ist neben nur f\u00fcnf weiteren Orchester in Deutschland in das Exzellenz-Programm des Bundes aufgenommen worden, was j\u00e4hrlich eine zus\u00e4tzliche F\u00f6rderung von bis zu 900&#8217;000 Euro bedeutet.<\/span><br \/><\/strong><\/span><\/p>\n<p>\u00a0<\/p>\n<p><span style=\"font-family: arial,helvetica,sans-serif; font-size: small;\">Unter der Leitung des Intendanten Beat Fehlmann hat sich die Philharmonie in den letzten drei Jahren komplett neu positioniert. Schwerpunkt ist die breite Verankerung von Philharmonie und klassischer Musik in Stadt und Region. Diese komme durch zahlreiche innovative Projekte zum Ausdruck, schreibt das Orchester. Die Kooperationspartner reichten dabei von Universit\u00e4t und HTWG \u00fcber den Konstanzer Handballverein HSG bis hin zu Seenachts- und Oktoberfest.<\/span><\/p>\n<p>\u00a0<\/p>\n<p><span style=\"font-family: arial,helvetica,sans-serif; font-size: small;\">Kernst\u00fcck des Programms ist die F\u00f6rderung von Kunst, Musikvermittlung und Kommunikation in der Orchesterarbeit. Hierzu stehen 500&#8217;000 Euro pro Orchester in den Jahren 2017 bis 2021 zur Verf\u00fcgung. Die ausgew\u00e4hlten Orchester sollen sich dabei auch untereinander vernetzen, miteinander kooperieren und gemeinsam Projekte umsetzen. Daneben ist eine j\u00e4hrliche Unterst\u00fctzung von 400&#8217;000 Euro zur \u00abF\u00f6rderung des pers\u00f6nlichen Exzellenzwillens der Orchestermusiker\u00bb m\u00f6glich.<\/span><\/p>\n<p><span style=\"font-family: arial,helvetica,sans-serif; font-size: small;\">\u00a0<\/span><\/p>\n<p><span style=\"font-family: arial,helvetica,sans-serif; font-size: small;\">Von \u00fcber 130 Berufsorchestern bundesweit kommen nur sechs in das Programm. Bislang erhalten ausschliesslich die Berliner Philharmoniker Bundesmittel. Die Auswahl f\u00fcr das Exzellenz-Programm basiert auf innovativen und herausragenden Bem\u00fchungen dieser Klangk\u00f6rper im k\u00fcnstlerischen sowie administrativen Bereich. <em>(cf)<\/em><\/span><\/p>\n","protected":false},"excerpt":{"rendered":"<p><span style=\"font-family: arial,helvetica,sans-serif; font-size: small;\">11.11.2016 &#8212; Die S\u00fcdwestdeutsche Philharmonie ist neben nur f\u00fcnf weiteren Orchester in Deutschland in das Exzellenz-Programm des Bundes aufgenommen worden, was j\u00e4hrlich eine zus\u00e4tzliche F\u00f6rderung von bis zu 900&#8217;000 Euro bedeutet.<\/span><\/p>\n","protected":false},"author":1,"featured_media":0,"comment_status":"open","ping_status":"open","sticky":false,"template":"","format":"standard","meta":{"footnotes":""},"categories":[2],"tags":[],"class_list":["post-3084","post","type-post","status-publish","format-standard","hentry","category-nachrichten","entry"],"_links":{"self":[{"href":"https:\/\/codexflores.ch\/index.php\/wp-json\/wp\/v2\/posts\/3084","targetHints":{"allow":["GET"]}}],"collection":[{"href":"https:\/\/codexflores.ch\/index.php\/wp-json\/wp\/v2\/posts"}],"about":[{"href":"https:\/\/codexflores.ch\/index.php\/wp-json\/wp\/v2\/types\/post"}],"author":[{"embeddable":true,"href":"https:\/\/codexflores.ch\/index.php\/wp-json\/wp\/v2\/users\/1"}],"replies":[{"embeddable":true,"href":"https:\/\/codexflores.ch\/index.php\/wp-json\/wp\/v2\/comments?post=3084"}],"version-history":[{"count":0,"href":"https:\/\/codexflores.ch\/index.php\/wp-json\/wp\/v2\/posts\/3084\/revisions"}],"wp:attachment":[{"href":"https:\/\/codexflores.ch\/index.php\/wp-json\/wp\/v2\/media?parent=3084"}],"wp:term":[{"taxonomy":"category","embeddable":true,"href":"https:\/\/codexflores.ch\/index.php\/wp-json\/wp\/v2\/categories?post=3084"},{"taxonomy":"post_tag","embeddable":true,"href":"https:\/\/codexflores.ch\/index.php\/wp-json\/wp\/v2\/tags?post=3084"}],"curies":[{"name":"wp","href":"https:\/\/api.w.org\/{rel}","templated":true}]}}