{"id":3088,"date":"2016-11-16T06:58:03","date_gmt":"2016-11-16T06:58:03","guid":{"rendered":"https:\/\/codexflores.ch\/index.php\/2016\/11\/16\/annan\/"},"modified":"2016-11-16T06:58:03","modified_gmt":"2016-11-16T06:58:03","slug":"annan","status":"publish","type":"post","link":"https:\/\/codexflores.ch\/index.php\/2016\/11\/16\/annan\/","title":{"rendered":"Berliner Career College f\u00fcr Fl\u00fcchtlinge"},"content":{"rendered":"<p><span style=\"font-family: arial,helvetica,sans-serif; font-size: small;\">16.11.2016 &#8212; Das Berlin Career College der Universit\u00e4t der K\u00fcnste Berlin bietet ab November 2016 ein \u00abArtist Training: Refugee Class for Professionals\u00bb f\u00fcr gefl\u00fcchtete K\u00fcnstlerinnen und Kreativschaffende an.<\/span><\/p>\n<p><span style=\"font-family: arial,helvetica,sans-serif; font-size: small;\"><strong>16.11.2016 &#8212; Das Berlin Career College der Universit\u00e4t der K\u00fcnste Berlin bietet ab November 2016 ein \u00abArtist Training: Refugee Class for Professionals\u00bb f\u00fcr gefl\u00fcchtete K\u00fcnstlerinnen und Kreativschaffende an.\u00a0<\/strong><\/span><\/p>\n<p>\u00a0<\/p>\n<p><span style=\"font-family: arial,helvetica,sans-serif; font-size: small;\">Das Programm gilt als Qualifizierungsangebot zur Integration, welches sich in seinen berufsbezogenen und \u00fcberfachlichen Angeboten an Berliner Kreative richtet. Das Projekt wird als Fortsetzung der Refugee Class for Professionals in Arts, Media und Design durchgef\u00fchrt, die bereits in der ersten Jahresh\u00e4lfte ehrenamtlich angeboten wurde und 185 Teilnehmende erreichte. <\/span><\/p>\n<p>\u00a0<\/p>\n<p><span style=\"font-family: arial,helvetica,sans-serif; font-size: small;\">Von November 2016 bis Dezember 2017 informieren in zwei Durchl\u00e4ufen eine Einf\u00fchrung und f\u00fcnf vertiefende Einzelmodule \u00fcber die folgenden Branchen: Musik, Kulturjournalismus, Bildende Kunst, Darstellende Kunst und Film.\u00a0Ziele sind die Vernetzung in die Berliner Kultur- und Kreativwirtschaft, die Etablierung auf dem Berliner Arbeitsmarkt und die strategische Positionierung in der jeweiligen k\u00fcnstlerischen Ausrichtung. <em>(cf)\u00a0<\/em><\/span><\/p>\n<p><span style=\"font-family: arial,helvetica,sans-serif; font-size: small;\"><em><br \/><\/em><strong>Mehr Infos:<\/strong> <a href=\"http:\/\/www.udk-berlin.de\/ziw\/artisttraining\" target=\"_blank\" rel=\"noopener noreferrer\">www.udk-berlin.de\/ziw\/artisttraining<\/a><em><br \/><\/em><\/span><\/p>\n","protected":false},"excerpt":{"rendered":"<p><span style=\"font-family: arial,helvetica,sans-serif; font-size: small;\">16.11.2016 &#8212; Das Berlin Career College der Universit\u00e4t der K\u00fcnste Berlin bietet ab November 2016 ein \u00abArtist Training: Refugee Class for Professionals\u00bb f\u00fcr gefl\u00fcchtete K\u00fcnstlerinnen und Kreativschaffende an.<\/span><\/p>\n","protected":false},"author":1,"featured_media":0,"comment_status":"open","ping_status":"open","sticky":false,"template":"","format":"standard","meta":{"footnotes":""},"categories":[2],"tags":[],"class_list":["post-3088","post","type-post","status-publish","format-standard","hentry","category-nachrichten","entry"],"_links":{"self":[{"href":"https:\/\/codexflores.ch\/index.php\/wp-json\/wp\/v2\/posts\/3088","targetHints":{"allow":["GET"]}}],"collection":[{"href":"https:\/\/codexflores.ch\/index.php\/wp-json\/wp\/v2\/posts"}],"about":[{"href":"https:\/\/codexflores.ch\/index.php\/wp-json\/wp\/v2\/types\/post"}],"author":[{"embeddable":true,"href":"https:\/\/codexflores.ch\/index.php\/wp-json\/wp\/v2\/users\/1"}],"replies":[{"embeddable":true,"href":"https:\/\/codexflores.ch\/index.php\/wp-json\/wp\/v2\/comments?post=3088"}],"version-history":[{"count":0,"href":"https:\/\/codexflores.ch\/index.php\/wp-json\/wp\/v2\/posts\/3088\/revisions"}],"wp:attachment":[{"href":"https:\/\/codexflores.ch\/index.php\/wp-json\/wp\/v2\/media?parent=3088"}],"wp:term":[{"taxonomy":"category","embeddable":true,"href":"https:\/\/codexflores.ch\/index.php\/wp-json\/wp\/v2\/categories?post=3088"},{"taxonomy":"post_tag","embeddable":true,"href":"https:\/\/codexflores.ch\/index.php\/wp-json\/wp\/v2\/tags?post=3088"}],"curies":[{"name":"wp","href":"https:\/\/api.w.org\/{rel}","templated":true}]}}