{"id":3092,"date":"2016-11-18T08:26:12","date_gmt":"2016-11-18T08:26:12","guid":{"rendered":"https:\/\/codexflores.ch\/index.php\/2016\/11\/18\/bezuidenhout-wird-leiter-des-freiburger-barockorchesters\/"},"modified":"2016-11-18T08:26:12","modified_gmt":"2016-11-18T08:26:12","slug":"bezuidenhout-wird-leiter-des-freiburger-barockorchesters","status":"publish","type":"post","link":"https:\/\/codexflores.ch\/index.php\/2016\/11\/18\/bezuidenhout-wird-leiter-des-freiburger-barockorchesters\/","title":{"rendered":"Bezuidenhout wird Leiter des Freiburger Barockorchesters"},"content":{"rendered":"<p><span style=\"font-family: arial,helvetica,sans-serif; font-size: small;\">18.11.2016 &#8212; Kristian Bezuidenhout \u00fcbernimmt auf die Saison 2017\/18 die\u00a0K\u00fcnstlerische Leitung des Freiburger Barockorchesters (FBO). Er folgt in dem Amt auf Petra M\u00fcllejans.<\/span><\/p>\n<p>\u00a0<\/p>\n<p><span style=\"font-family: arial,helvetica,sans-serif; font-size: small;\"><strong>18.11.2016 &#8212; Kristian Bezuidenhout \u00fcbernimmt auf die Saison 2017\/18 die\u00a0K\u00fcnstlerische Leitung des Freiburger Barockorchesters (FBO). Er folgt in dem Amt auf Petra M\u00fcllejans.<\/strong><\/span><\/p>\n<p>\u00a0<\/p>\n<p><span style=\"font-family: arial,helvetica,sans-serif; font-size: small;\">Petra M\u00fcllejans, die seit \u00fcber zwei Jahrzehnten das FBO k\u00fcnstlerisch geleitet hat, legt diese Aufgabe zum Ende der Spielzeit 2016\/17 nieder. Sie bleibt weiterhin festes Mitglied des Ensembles und diesem als Musikerin und Konzertmeisterin ausgesuchter Projekte verbunden.<\/span><\/p>\n<p>\u00a0<\/p>\n<p><span style=\"font-family: arial,helvetica,sans-serif; font-size: small;\">Das Orchester hat dem Cembalisten und Hammerklaviersolisten Bezuidenhout ab der n\u00e4chsten Spielzeit 2017\/18 f\u00fcr drei Jahre an der Seite von Gottfried von der Goltz die K\u00fcnstlerische Leitung des Freiburger Barockorchesters \u00fcbertragen.<em> (cf)<\/em><\/span><\/p>\n","protected":false},"excerpt":{"rendered":"<p><span style=\"font-family: arial,helvetica,sans-serif; font-size: small;\">18.11.2016 &#8212; Kristian Bezuidenhout \u00fcbernimmt auf die Saison 2017\/18 die\u00a0K\u00fcnstlerische Leitung des Freiburger Barockorchesters (FBO). Er folgt in dem Amt auf Petra M\u00fcllejans.<\/span><\/p>\n","protected":false},"author":1,"featured_media":0,"comment_status":"open","ping_status":"open","sticky":false,"template":"","format":"standard","meta":{"footnotes":""},"categories":[2],"tags":[],"class_list":["post-3092","post","type-post","status-publish","format-standard","hentry","category-nachrichten","entry"],"_links":{"self":[{"href":"https:\/\/codexflores.ch\/index.php\/wp-json\/wp\/v2\/posts\/3092","targetHints":{"allow":["GET"]}}],"collection":[{"href":"https:\/\/codexflores.ch\/index.php\/wp-json\/wp\/v2\/posts"}],"about":[{"href":"https:\/\/codexflores.ch\/index.php\/wp-json\/wp\/v2\/types\/post"}],"author":[{"embeddable":true,"href":"https:\/\/codexflores.ch\/index.php\/wp-json\/wp\/v2\/users\/1"}],"replies":[{"embeddable":true,"href":"https:\/\/codexflores.ch\/index.php\/wp-json\/wp\/v2\/comments?post=3092"}],"version-history":[{"count":0,"href":"https:\/\/codexflores.ch\/index.php\/wp-json\/wp\/v2\/posts\/3092\/revisions"}],"wp:attachment":[{"href":"https:\/\/codexflores.ch\/index.php\/wp-json\/wp\/v2\/media?parent=3092"}],"wp:term":[{"taxonomy":"category","embeddable":true,"href":"https:\/\/codexflores.ch\/index.php\/wp-json\/wp\/v2\/categories?post=3092"},{"taxonomy":"post_tag","embeddable":true,"href":"https:\/\/codexflores.ch\/index.php\/wp-json\/wp\/v2\/tags?post=3092"}],"curies":[{"name":"wp","href":"https:\/\/api.w.org\/{rel}","templated":true}]}}