{"id":3093,"date":"2016-11-18T12:58:13","date_gmt":"2016-11-18T12:58:13","guid":{"rendered":"https:\/\/codexflores.ch\/index.php\/2016\/11\/18\/milos-karadaglic-muss-ein-jahr-pausieren\/"},"modified":"2016-11-18T12:58:13","modified_gmt":"2016-11-18T12:58:13","slug":"milos-karadaglic-muss-ein-jahr-pausieren","status":"publish","type":"post","link":"https:\/\/codexflores.ch\/index.php\/2016\/11\/18\/milos-karadaglic-muss-ein-jahr-pausieren\/","title":{"rendered":"Milo\u0161 Karadagli\u0107 muss ein Jahr pausieren"},"content":{"rendered":"<p><span style=\"font-family: arial,helvetica,sans-serif; font-size: small;\">18.11.2016 &#8212; Der Gitarrist Milo\u0161 Karadagli\u0107 muss ein Jahr lang pausieren. Dies hat auch folgen f\u00fcr ein Konzert des Z\u00fcrcher Kammerorchesters vom 22. November: Anstelle von Karadagli\u0107 spielt Sebastian Knauer mit dem ZKO Z\u00fcrcher Kammerorchester in der Tonhalle Z\u00fcrich.<\/span><\/p>\n<p><span style=\"font-family: arial,helvetica,sans-serif; font-size: small;\"><strong>18.11.2016 &#8212; Der Gitarrist Milo\u0161 Karadagli\u0107 muss ein Jahr lang pausieren. Dies hat auch folgen f\u00fcr ein Konzert des Z\u00fcrcher Kammerorchesters vom 22. November: Anstelle von Karadagli\u0107 spielt Sebastian Knauer mit dem ZKO Z\u00fcrcher Kammerorchester in der Tonhalle Z\u00fcrich.<\/strong><\/span><\/p>\n<p>\u00a0<\/p>\n<p><span style=\"font-family: arial,helvetica,sans-serif; font-size: small;\">Mit ihrer CD \u00ab\u00dcberBach\u00bb erreichten das Z\u00fcrcher Kammerorchester, Pianist Sebastian Knauer und Multi-Perkussionist Pascal Schumacher im Oktober Platz 12 der Deutschen Klassik Charts. Die auf der CD versammelten f\u00fcnf Konzerte f\u00fcr Piano, Vibraphon und Kammerorchester haben St\u00fccke von Bach als Ausgangspunkt. <\/span><\/p>\n<p>\u00a0<\/p>\n<p><span style=\"font-family: arial,helvetica,sans-serif; font-size: small;\">Am Dienstag, 22. November spielen die Musiker die modernen Kompositionen live in der Tonhalle Z\u00fcrich. Vorher stehen das Brandenburgische Konzert Nr. 3 BWV 1048 und das Klavierkonzert in d-moll BWV 1052 auf dem Programm. <em>(cf)<\/em><\/span><\/p>\n","protected":false},"excerpt":{"rendered":"<p><span style=\"font-family: arial,helvetica,sans-serif; font-size: small;\">18.11.2016 &#8212; Der Gitarrist Milo\u0161 Karadagli\u0107 muss ein Jahr lang pausieren. Dies hat auch folgen f\u00fcr ein Konzert des Z\u00fcrcher Kammerorchesters vom 22. November: Anstelle von Karadagli\u0107 spielt Sebastian Knauer mit dem ZKO Z\u00fcrcher Kammerorchester in der Tonhalle Z\u00fcrich.<\/span><\/p>\n","protected":false},"author":1,"featured_media":0,"comment_status":"open","ping_status":"open","sticky":false,"template":"","format":"standard","meta":{"footnotes":""},"categories":[2],"tags":[],"class_list":["post-3093","post","type-post","status-publish","format-standard","hentry","category-nachrichten","entry"],"_links":{"self":[{"href":"https:\/\/codexflores.ch\/index.php\/wp-json\/wp\/v2\/posts\/3093","targetHints":{"allow":["GET"]}}],"collection":[{"href":"https:\/\/codexflores.ch\/index.php\/wp-json\/wp\/v2\/posts"}],"about":[{"href":"https:\/\/codexflores.ch\/index.php\/wp-json\/wp\/v2\/types\/post"}],"author":[{"embeddable":true,"href":"https:\/\/codexflores.ch\/index.php\/wp-json\/wp\/v2\/users\/1"}],"replies":[{"embeddable":true,"href":"https:\/\/codexflores.ch\/index.php\/wp-json\/wp\/v2\/comments?post=3093"}],"version-history":[{"count":0,"href":"https:\/\/codexflores.ch\/index.php\/wp-json\/wp\/v2\/posts\/3093\/revisions"}],"wp:attachment":[{"href":"https:\/\/codexflores.ch\/index.php\/wp-json\/wp\/v2\/media?parent=3093"}],"wp:term":[{"taxonomy":"category","embeddable":true,"href":"https:\/\/codexflores.ch\/index.php\/wp-json\/wp\/v2\/categories?post=3093"},{"taxonomy":"post_tag","embeddable":true,"href":"https:\/\/codexflores.ch\/index.php\/wp-json\/wp\/v2\/tags?post=3093"}],"curies":[{"name":"wp","href":"https:\/\/api.w.org\/{rel}","templated":true}]}}