{"id":3095,"date":"2016-11-22T06:40:40","date_gmt":"2016-11-22T06:40:40","guid":{"rendered":"https:\/\/codexflores.ch\/index.php\/2016\/11\/22\/haendel-preis-der-stadt-halle-2017-geht-an-genaux\/"},"modified":"2016-11-22T06:40:40","modified_gmt":"2016-11-22T06:40:40","slug":"haendel-preis-der-stadt-halle-2017-geht-an-genaux","status":"publish","type":"post","link":"https:\/\/codexflores.ch\/index.php\/2016\/11\/22\/haendel-preis-der-stadt-halle-2017-geht-an-genaux\/","title":{"rendered":"H\u00e4ndel-Preis der Stadt Halle 2017 geht an Genaux"},"content":{"rendered":"<p><span style=\"font-family: arial,helvetica,sans-serif; font-size: small;\">22.11.2016 &#8212; Die amerikanische Mezzosopranistin Vivica Genaux wird 2017 im Rahmen der H\u00e4ndel-Festspiele in Halle mit dem H\u00e4ndel-Preis der Stadt Halle ausgezeichnet. Genaux geh\u00f6rt weltweit zu den f\u00fchrenden Interpretinnen der Barock- und Belcanto-Musik.<\/span><\/p>\n<p><span style=\"font-family: arial,helvetica,sans-serif; font-size: small;\"><strong>22.11.2016 &#8212; Die amerikanische Mezzosopranistin Vivica Genaux wird 2017 im Rahmen der H\u00e4ndel-Festspiele in Halle mit dem H\u00e4ndel-Preis der Stadt Halle ausgezeichnet. Genaux geh\u00f6rt weltweit zu den f\u00fchrenden Interpretinnen der Barock- und Belcanto-Musik.<\/strong><\/span><\/p>\n<p><span style=\"font-family: arial,helvetica,sans-serif; font-size: small;\">\u00a0<\/span><\/p>\n<p><span style=\"font-family: arial,helvetica,sans-serif; font-size: small;\">Vivica Genaux hat f\u00fcr zwei Produktionen Grammy-Nominierungen erhalten. Sie ist \u00fcberdies Tr\u00e4gerin des Maecenas Award der Pittsburgh Opera, des Christopher Keene Award der New York City Opera, des Premio Opera CD Classics \u2013 Citt\u00e0 di Mondovi und des Aria Award. Der Fachbeirat der Stiftung H\u00e4ndel-Haus empfahl dem Kuratorium, mit Vivica Genaux \u00abeine Pers\u00f6nlichkeit von internationaler Strahlkraft auszuzeichnen, die zugleich Bindungen zu H\u00e4ndel und den H\u00e4ndel-Festspielen aufweist\u00bb. <\/span><\/p>\n<p>\u00a0<\/p>\n<p><span style=\"font-family: arial,helvetica,sans-serif; font-size: small;\">Die Wahl sei auf eine K\u00fcnstlerin gefallen, die \u00abseit 2011 mehrfach bei den H\u00e4ndel-Festspielen umjubelte und beeindruckende Konzerte gegeben hat, die durch ihr ganz besonderes Timbre und durch eine hochgradig intensive B\u00fchnenausstrahlung gepr\u00e4gt waren\u00bb. <em>(cf)<\/em><\/span><\/p>\n<p><span style=\"font-family: arial,helvetica,sans-serif; font-size: small;\">\u00a0<\/span><\/p>\n","protected":false},"excerpt":{"rendered":"<p><span style=\"font-family: arial,helvetica,sans-serif; font-size: small;\">22.11.2016 &#8212; Die amerikanische Mezzosopranistin Vivica Genaux wird 2017 im Rahmen der H\u00e4ndel-Festspiele in Halle mit dem H\u00e4ndel-Preis der Stadt Halle ausgezeichnet. Genaux geh\u00f6rt weltweit zu den f\u00fchrenden Interpretinnen der Barock- und Belcanto-Musik.<\/span><\/p>\n","protected":false},"author":1,"featured_media":0,"comment_status":"open","ping_status":"open","sticky":false,"template":"","format":"standard","meta":{"footnotes":""},"categories":[2],"tags":[],"class_list":["post-3095","post","type-post","status-publish","format-standard","hentry","category-nachrichten","entry"],"_links":{"self":[{"href":"https:\/\/codexflores.ch\/index.php\/wp-json\/wp\/v2\/posts\/3095","targetHints":{"allow":["GET"]}}],"collection":[{"href":"https:\/\/codexflores.ch\/index.php\/wp-json\/wp\/v2\/posts"}],"about":[{"href":"https:\/\/codexflores.ch\/index.php\/wp-json\/wp\/v2\/types\/post"}],"author":[{"embeddable":true,"href":"https:\/\/codexflores.ch\/index.php\/wp-json\/wp\/v2\/users\/1"}],"replies":[{"embeddable":true,"href":"https:\/\/codexflores.ch\/index.php\/wp-json\/wp\/v2\/comments?post=3095"}],"version-history":[{"count":0,"href":"https:\/\/codexflores.ch\/index.php\/wp-json\/wp\/v2\/posts\/3095\/revisions"}],"wp:attachment":[{"href":"https:\/\/codexflores.ch\/index.php\/wp-json\/wp\/v2\/media?parent=3095"}],"wp:term":[{"taxonomy":"category","embeddable":true,"href":"https:\/\/codexflores.ch\/index.php\/wp-json\/wp\/v2\/categories?post=3095"},{"taxonomy":"post_tag","embeddable":true,"href":"https:\/\/codexflores.ch\/index.php\/wp-json\/wp\/v2\/tags?post=3095"}],"curies":[{"name":"wp","href":"https:\/\/api.w.org\/{rel}","templated":true}]}}