{"id":3097,"date":"2016-11-24T06:55:23","date_gmt":"2016-11-24T06:55:23","guid":{"rendered":"https:\/\/codexflores.ch\/index.php\/2016\/11\/24\/wohin-bewegt-sich-die-kuenstlerische-forschung\/"},"modified":"2016-11-24T06:55:23","modified_gmt":"2016-11-24T06:55:23","slug":"wohin-bewegt-sich-die-kuenstlerische-forschung","status":"publish","type":"post","link":"https:\/\/codexflores.ch\/index.php\/2016\/11\/24\/wohin-bewegt-sich-die-kuenstlerische-forschung\/","title":{"rendered":"Wohin bewegt sich die k\u00fcnstlerische Forschung?"},"content":{"rendered":"<p><span style=\"font-family: arial,helvetica,sans-serif; font-size: small;\">24.11.2016 &#8212; In der Schweiz sind Kunsthochschulen Teil der Fachhochschulen und relativ neue Mitspielerinnen im kompetitiven Feld der Forschung. Nach zehn Jahren nationaler wie internationaler F\u00f6rderung mit den K\u00fcnsten als Mitbewerber ist es Zeit f\u00fcr eine Bilanz.<\/span><\/p>\n<p>\u00a0<\/p>\n<p><span style=\"font-family: arial,helvetica,sans-serif; font-size: small;\"><strong>24.11.2016 &#8212; In der Schweiz sind Kunsthochschulen Teil der Fachhochschulen und relativ neue Mitspielerinnen im kompetitiven Feld der Forschung. Nach zehn Jahren nationaler wie internationaler F\u00f6rderung mit den K\u00fcnsten als Mitbewerber ist es Zeit f\u00fcr eine Bilanz.<\/strong><\/span><\/p>\n<p>\u00a0<\/p>\n<p><span style=\"font-family: arial,helvetica,sans-serif; font-size: small;\">Wie wirken sich die heutigen nationalen F\u00f6rderformate und F\u00f6rderstrukturen auf die Forschung an den Kunsthochschulen aus? Ist die Zuordnung bei den Geisteswissenschaften immer sinnvoll? Wie werden zum Beispiel natur- oder technikwissenschaftliche Projekte an Kunsthochschulen im Wettbewerb mit etablierten Institutionen wie der ETH bewertet?<\/span><\/p>\n<p>\u00a0<\/p>\n<p><span style=\"font-family: arial,helvetica,sans-serif; font-size: small;\">\u00a0<span style=\"font-family: arial,helvetica,sans-serif; font-size: small;\">An einem Podiumsgespr\u00e4ch der ZHdK vom 9. Dezember <\/span>wird hinterfragt, ob das proklamierte Schweizer Credo \u00abgleichwertig aber andersartig\u00bb im Alltag des dualen Bildungssystems zum \u00abgleichartig aber anderswertig\u00bb geworden ist. Ebenso diskutieren Expertinnen und Experten die Frage, ob sich Lehre und Forschung in den K\u00fcnsten in alternativen Strukturen wie etwa dem \u00f6sterreichischen PEEK (Programm zur Entwicklung und Erschliessung der K\u00fcnste) besser entwickeln k\u00f6nnten.<\/span><\/p>\n<p>\u00a0<\/p>\n<p><span style=\"font-family: arial,helvetica,sans-serif; font-size: small;\">Teilnehmer der Runde sind Corina Caduff (ZHdK; Forschungsrat SNF), Alexander Damianisch (Leiter Support Kunst und Forschung, Universit\u00e4t f\u00fcr Angewandte Kunst Wien; Vorstand Society for Artistic Research), Thomas D. Meier (Rektor ZHdK), Dame Janet Ritterman (Kanzlerin Middlesex University; Beiratsvorsitzende PEEK), Ola S\u00f6derstr\u00f6m (Universit\u00e9 de Neuch\u00e2tel; ab 1.1.2017 SNF), Karmen Franinovi\u0107 (Artistic Research ZHdK). Moderation: Anne-Catherine Sutermeister (Leiterin Institut f\u00fcr Forschung in Kunst und Design, Haute Ecole d&#8217;Art et de Design (HEAD); Vizepr\u00e4sidentin Pro Helvetia). <em>(cf)<\/em><\/span><\/p>\n<p><strong><span style=\"font-family: arial,helvetica,sans-serif; font-size: small;\">Info:<\/span><\/strong><br \/><span style=\"font-family: arial,helvetica,sans-serif; font-size: small;\">Wann: 9. Dezember 2016, 19\u201320.30 Uhr, Toni-Areal, Kunstraum, Ebene 5, Pfingstweidstrasse 96, 8005 Z\u00fcrich.<\/span><\/p>\n","protected":false},"excerpt":{"rendered":"<p><span style=\"font-family: arial,helvetica,sans-serif; font-size: small;\">24.11.2016 &#8212; In der Schweiz sind Kunsthochschulen Teil der Fachhochschulen und relativ neue Mitspielerinnen im kompetitiven Feld der Forschung. Nach zehn Jahren nationaler wie internationaler F\u00f6rderung mit den K\u00fcnsten als Mitbewerber ist es Zeit f\u00fcr eine Bilanz.<\/span><\/p>\n","protected":false},"author":1,"featured_media":0,"comment_status":"open","ping_status":"open","sticky":false,"template":"","format":"standard","meta":{"footnotes":""},"categories":[2],"tags":[],"class_list":["post-3097","post","type-post","status-publish","format-standard","hentry","category-nachrichten","entry"],"_links":{"self":[{"href":"https:\/\/codexflores.ch\/index.php\/wp-json\/wp\/v2\/posts\/3097","targetHints":{"allow":["GET"]}}],"collection":[{"href":"https:\/\/codexflores.ch\/index.php\/wp-json\/wp\/v2\/posts"}],"about":[{"href":"https:\/\/codexflores.ch\/index.php\/wp-json\/wp\/v2\/types\/post"}],"author":[{"embeddable":true,"href":"https:\/\/codexflores.ch\/index.php\/wp-json\/wp\/v2\/users\/1"}],"replies":[{"embeddable":true,"href":"https:\/\/codexflores.ch\/index.php\/wp-json\/wp\/v2\/comments?post=3097"}],"version-history":[{"count":0,"href":"https:\/\/codexflores.ch\/index.php\/wp-json\/wp\/v2\/posts\/3097\/revisions"}],"wp:attachment":[{"href":"https:\/\/codexflores.ch\/index.php\/wp-json\/wp\/v2\/media?parent=3097"}],"wp:term":[{"taxonomy":"category","embeddable":true,"href":"https:\/\/codexflores.ch\/index.php\/wp-json\/wp\/v2\/categories?post=3097"},{"taxonomy":"post_tag","embeddable":true,"href":"https:\/\/codexflores.ch\/index.php\/wp-json\/wp\/v2\/tags?post=3097"}],"curies":[{"name":"wp","href":"https:\/\/api.w.org\/{rel}","templated":true}]}}