{"id":3098,"date":"2016-11-25T06:54:08","date_gmt":"2016-11-25T06:54:08","guid":{"rendered":"https:\/\/codexflores.ch\/index.php\/2016\/11\/25\/creed-bleibt-dem-swr-vokalensemble-erhalten\/"},"modified":"2016-11-25T06:54:08","modified_gmt":"2016-11-25T06:54:08","slug":"creed-bleibt-dem-swr-vokalensemble-erhalten","status":"publish","type":"post","link":"https:\/\/codexflores.ch\/index.php\/2016\/11\/25\/creed-bleibt-dem-swr-vokalensemble-erhalten\/","title":{"rendered":"Creed bleibt dem SWR Vokalensemble erhalten"},"content":{"rendered":"<p><span style=\"font-family: arial,helvetica,sans-serif; font-size: small;\">25.11.2016 &#8212; Marcus Creed hat seinen Vertrag als Chefdirigent des SWR Vokalensembles bis zum Ende der Saison 2019\/2020 verl\u00e4ngert. Er hat die Leitung des Ensembles seit 203 inne.<\/span><\/p>\n<p>\u00a0<\/p>\n<p><span style=\"font-family: arial,helvetica,sans-serif; font-size: small;\"><strong>25.11.2016 &#8212; Marcus Creed hat seinen Vertrag als Chefdirigent des SWR Vokalensembles bis zum Ende der Saison 2019\/2020 verl\u00e4ngert. Er hat die Leitung des Ensembles seit 203 inne.<\/strong><\/span><\/p>\n<p><span style=\"font-family: arial,helvetica,sans-serif; font-size: small;\">\u00a0<\/span><\/p>\n<p><span style=\"font-family: arial,helvetica,sans-serif; font-size: small;\">Durch Creed habe das SWR Vokalensemble seine Spitzenposition national und international festigen und weiter ausbauen k\u00f6nnen, heisst es in der entsprechenden Presseaussendung. Der 65-j\u00e4hrige Dirigent setze in seiner Arbeit auf die Eigenst\u00e4ndigkeit des Chores und die musikalische Kompetenz und stimmliche Souver\u00e4nit\u00e4t seiner Ensemblemitglieder.<\/span><\/p>\n<p>\u00a0<\/p>\n<p><span style=\"font-family: arial,helvetica,sans-serif; font-size: small;\"> Unter seiner F\u00fchrung sei ein spezifischer Ensemblegeist entstanden, der die Erfahrungen aus den anspruchsvollen Partituren der Neuen Musik, der Romantik und der klassischen Moderne verbinde. Creeds CD-Einspielungen mit dem Ensemble erhielten in dieser Zeit insgesamt 17 renommierte Auszeichnungen, unter anderem den Jahrespreis der Deutschen Schallplattenkritik, den Choc de la musiqu\u201c und vier Mal den Echo Klassik. <em>(cf)<\/em><\/span><\/p>\n","protected":false},"excerpt":{"rendered":"<p><span style=\"font-family: arial,helvetica,sans-serif; font-size: small;\">25.11.2016 &#8212; Marcus Creed hat seinen Vertrag als Chefdirigent des SWR Vokalensembles bis zum Ende der Saison 2019\/2020 verl\u00e4ngert. Er hat die Leitung des Ensembles seit 203 inne.<\/span><\/p>\n","protected":false},"author":1,"featured_media":0,"comment_status":"open","ping_status":"open","sticky":false,"template":"","format":"standard","meta":{"footnotes":""},"categories":[2],"tags":[],"class_list":["post-3098","post","type-post","status-publish","format-standard","hentry","category-nachrichten","entry"],"_links":{"self":[{"href":"https:\/\/codexflores.ch\/index.php\/wp-json\/wp\/v2\/posts\/3098","targetHints":{"allow":["GET"]}}],"collection":[{"href":"https:\/\/codexflores.ch\/index.php\/wp-json\/wp\/v2\/posts"}],"about":[{"href":"https:\/\/codexflores.ch\/index.php\/wp-json\/wp\/v2\/types\/post"}],"author":[{"embeddable":true,"href":"https:\/\/codexflores.ch\/index.php\/wp-json\/wp\/v2\/users\/1"}],"replies":[{"embeddable":true,"href":"https:\/\/codexflores.ch\/index.php\/wp-json\/wp\/v2\/comments?post=3098"}],"version-history":[{"count":0,"href":"https:\/\/codexflores.ch\/index.php\/wp-json\/wp\/v2\/posts\/3098\/revisions"}],"wp:attachment":[{"href":"https:\/\/codexflores.ch\/index.php\/wp-json\/wp\/v2\/media?parent=3098"}],"wp:term":[{"taxonomy":"category","embeddable":true,"href":"https:\/\/codexflores.ch\/index.php\/wp-json\/wp\/v2\/categories?post=3098"},{"taxonomy":"post_tag","embeddable":true,"href":"https:\/\/codexflores.ch\/index.php\/wp-json\/wp\/v2\/tags?post=3098"}],"curies":[{"name":"wp","href":"https:\/\/api.w.org\/{rel}","templated":true}]}}